{"id":303898,"date":"2023-07-16T12:48:25","date_gmt":"2023-07-16T09:48:25","guid":{"rendered":"https:\/\/sana.sy\/es\/?p=303898"},"modified":"2023-07-16T18:17:57","modified_gmt":"2023-07-16T15:17:57","slug":"siria-apoya-decisiones-arabes-destinadas-a-detener-el-derramamiento-de-sangre-en-sudan","status":"publish","type":"post","link":"https:\/\/archive.sana.sy\/es\/?p=303898","title":{"rendered":"Siria apoya decisiones \u00e1rabes destinadas a detener el derramamiento de sangre en Sud\u00e1n"},"content":{"rendered":"<blockquote>\n<p style=\"text-align: justify;\"><span style=\"color: #800000;\">&#8220;El traslado de las graves crisis de un pa\u00eds \u00e1rabe a otro se debe a las injerencias externas, en tanto, esto exige a todos los pa\u00edses \u00e1rabes y amigos trabajar para contener estas crisis e impedir su explotaci\u00f3n al servicio de agendas hostiles&#8221;.<\/span><\/p>\n<\/blockquote>\n<p style=\"text-align: justify;\"><span style=\"color: #800000;\"><strong>Damasco, 16 jul (SANA)<\/strong> <\/span>Siria anunci\u00f3 hoy su apoyo a las decisiones adoptadas por la Cumbre de El Cairo y a todos los esfuerzos sinceros encaminados a detener el derramamiento de sangre y la destrucci\u00f3n en Sud\u00e1n.<\/p>\n<p style=\"text-align: justify;\">En un comunicado, la Canciller\u00eda consider\u00f3 que la reciente cumbre de los pa\u00edses vecinos de Sud\u00e1n celebrada en la capital egipcia, en presencia de representantes de la Liga \u00c1rabe y de la Uni\u00f3n Africana, reafirm\u00f3 la necesidad del pleno respeto a la soberan\u00eda, unidad e integridad territorial de Sud\u00e1n y la no injerencia en sus asuntos internos.<\/p>\n<p style=\"text-align: justify;\">Dicha cita abog\u00f3 tambi\u00e9n por un tratamiento del conflicto existente como un asunto interno y rechaz\u00f3 la injerencia de partes externas en la crisis.<\/p>\n<p style=\"text-align: justify;\">&#8220;Estamos con la declaraaci\u00f3n de la Cumbre que ratific\u00f3 el compromiso de las partes sudanesas con un alto al fuego inmediato y sostenible para poner fin a la crisis y preservar el estado sudan\u00e9s y sus instituciones, as\u00ed como acord\u00f3 formar comit\u00e9s para poner fin a la crisis, se\u00f1al\u00f3 el texto del comunicado.<\/p>\n<p style=\"text-align: justify;\">A\u00f1adi\u00f3 que Siria considera a Sud\u00e1n como una parte valiosa, querida e integral de la naci\u00f3n \u00e1rabe, y asegur\u00f3 que el traslado de las graves crisis de un pa\u00eds \u00e1rabe a otro se debe a las injerencias externas, en tanto, esto exige a todos los pa\u00edses \u00e1rabes y amigos trabajar para contener estas crisis e impedir su explotaci\u00f3n al servicio de agendas hostiles.<\/p>\n<p style=\"text-align: justify;\"><strong>fm\/ws<\/strong><\/p>\n","protected":false},"excerpt":{"rendered":"<p>&#8220;El traslado de las graves crisis de un pa\u00eds \u00e1rabe a otro se debe a las injerencias externas, en tanto, esto exige a todos los pa\u00edses \u00e1rabes y amigos trabajar para contener estas crisis e impedir su explotaci\u00f3n al servicio de agendas hostiles&#8221;. Damasco, 16 jul (SANA) Siria anunci\u00f3 hoy su apoyo a las decisiones &hellip;<\/p>\n","protected":false},"author":35,"featured_media":303899,"comment_status":"closed","ping_status":"closed","sticky":false,"template":"","format":"standard","meta":{"footnotes":""},"categories":[477,447,597,20724,476,583],"tags":[11687,21335,6553,21006],"class_list":["post-303898","post","type-post","status-publish","format-standard","has-post-thumbnail","","category-noticias-edulcorantes","category-local-politica","category-cinta-de-noticias","category-minuto-a-minuto","category-locales","category-slide","tag-cancilleria","tag-declaracion","tag-siria","tag-sudan"],"_links":{"self":[{"href":"https:\/\/archive.sana.sy\/es\/index.php?rest_route=\/wp\/v2\/posts\/303898"}],"collection":[{"href":"https:\/\/archive.sana.sy\/es\/index.php?rest_route=\/wp\/v2\/posts"}],"about":[{"href":"https:\/\/archive.sana.sy\/es\/index.php?rest_route=\/wp\/v2\/types\/post"}],"author":[{"embeddable":true,"href":"https:\/\/archive.sana.sy\/es\/index.php?rest_route=\/wp\/v2\/users\/35"}],"replies":[{"embeddable":true,"href":"https:\/\/archive.sana.sy\/es\/index.php?rest_route=%2Fwp%2Fv2%2Fcomments&post=303898"}],"version-history":[{"count":5,"href":"https:\/\/archive.sana.sy\/es\/index.php?rest_route=\/wp\/v2\/posts\/303898\/revisions"}],"predecessor-version":[{"id":303930,"href":"https:\/\/archive.sana.sy\/es\/index.php?rest_route=\/wp\/v2\/posts\/303898\/revisions\/303930"}],"wp:featuredmedia":[{"embeddable":true,"href":"https:\/\/archive.sana.sy\/es\/index.php?rest_route=\/wp\/v2\/media\/303899"}],"wp:attachment":[{"href":"https:\/\/archive.sana.sy\/es\/index.php?rest_route=%2Fwp%2Fv2%2Fmedia&parent=303898"}],"wp:term":[{"taxonomy":"category","embeddable":true,"href":"https:\/\/archive.sana.sy\/es\/index.php?rest_route=%2Fwp%2Fv2%2Fcategories&post=303898"},{"taxonomy":"post_tag","embeddable":true,"href":"https:\/\/archive.sana.sy\/es\/index.php?rest_route=%2Fwp%2Fv2%2Ftags&post=303898"}],"curies":[{"name":"wp","href":"https:\/\/api.w.org\/{rel}","templated":true}]}}