{"id":303906,"date":"2023-07-16T13:28:56","date_gmt":"2023-07-16T10:28:56","guid":{"rendered":"https:\/\/sana.sy\/es\/?p=303906"},"modified":"2023-07-16T18:16:27","modified_gmt":"2023-07-16T15:16:27","slug":"presidente-al-assad-recibe-al-primer-ministro-de-iraq-fotos","status":"publish","type":"post","link":"https:\/\/archive.sana.sy\/es\/?p=303906","title":{"rendered":"Presidente Al-Assad recibe al Primer Ministro de Iraq (+ fotos &#038; v\u00eddeo)"},"content":{"rendered":"<blockquote>\n<p style=\"text-align: justify;\"><span style=\"color: #993300;\">El Primer Ministro encabeza una delegaci\u00f3n conformada por el viceprimer ministro y ministro de Asuntos Exteriores, Fuad Hussein, el ministro de Comercio, Atheer Selm\u00e1n, y el teniente general Qais Rahima, Suncomandante de Operaciones Conjuntas.<\/span><\/p>\n<\/blockquote>\n<p style=\"text-align: justify;\"><span style=\"color: #800000;\"><strong>Damasco, 16 jul (SANA)\u00a0<\/strong><\/span> El presidente Bashar Al-Assad, recibi\u00f3 hoy al primer ministro iraqu\u00ed, Muhammad Shia Al-Sudani, quien comenz\u00f3 hoy una visita oficial al pa\u00eds.<\/p>\n<p style=\"text-align: justify;\">El alto funcionario fue recibido en una ceremonia oficial en el Palacio Presidencial del Pueblo en la capital Damasco.<br \/>\nEl alto funcionario encabeza una delegaci\u00f3n conformada por el viceprimer ministro y ministro de Asuntos Exteriores, Fuad Hussein, el ministro de Comercio, Atheer Selm\u00e1n, y el teniente general Qais Rahima, el subcomandante de Operaciones Conjuntas.<\/p>\n<p style=\"text-align: justify;\"><strong><img loading=\"lazy\" decoding=\"async\" class=\"size-medium wp-image-303926 alignleft\" src=\"http:\/\/sana.sy\/es\/wp-content\/uploads\/2023\/07\/200-1-2-300x182.jpg\" alt=\"\" width=\"300\" height=\"182\" srcset=\"https:\/\/archive.sana.sy\/es\/wp-content\/uploads\/2023\/07\/200-1-2-300x182.jpg 300w, https:\/\/archive.sana.sy\/es\/wp-content\/uploads\/2023\/07\/200-1-2-1024x620.jpg 1024w, https:\/\/archive.sana.sy\/es\/wp-content\/uploads\/2023\/07\/200-1-2-150x91.jpg 150w, https:\/\/archive.sana.sy\/es\/wp-content\/uploads\/2023\/07\/200-1-2-768x465.jpg 768w, https:\/\/archive.sana.sy\/es\/wp-content\/uploads\/2023\/07\/200-1-2.jpg 1200w\" sizes=\"(max-width: 300px) 100vw, 300px\" \/>Conversaciones sobre relaciones bilaterales y cuestiones de mutuo inter\u00e9s<\/strong><\/p>\n<p style=\"text-align: justify;\">El Presidente sirio y el Premier iraqu\u00ed sostuvieron conversaciones sobre las relaciones bilaterales y la cooperaci\u00f3n entre los dos pa\u00edses en varios campos, adem\u00e1s de temas de inter\u00e9s com\u00fan.<\/p>\n<p style=\"text-align: justify;\">Tambi\u00e9n abordaron las v\u00edas de impulsar la colaboraci\u00f3n entre los dos pa\u00edses en diversos campos, incluido el intercambio comercial, el transporte y la industria y la coordinaci\u00f3n permanente en diversos temas pol\u00edticos.<br \/>\nFueron tratados tambi\u00e9n los esfuerzos conjuntos en la lucha contra el terrorismo.<\/p>\n<p style=\"text-align: justify;\">Las dos partes destacaron que el apoyo rec\u00edproco entre Damasco y Bagdad refleja las relaciones fraternales e hist\u00f3ricas que unen a los dos pa\u00edses.<\/p>\n<p style=\"text-align: justify;\">Ratificaron la voluntad de continuar el desarrollo de estas relaciones a nivel oficial y popular.<\/p>\n<p style=\"text-align: justify;\">El presidente Al-Assad consider\u00f3 que esta visita es una oportunidad para construir una relaci\u00f3n institucional y lograr un gran salto en la cooperaci\u00f3n bilateral entre los dos pa\u00edses.<\/p>\n<p style=\"text-align: justify;\">Mientras el Primer Ministro iraqu\u00ed afirm\u00f3 que Siria tiene un lugar especial en el coraz\u00f3n de todos los iraqu\u00edes, quienes se sienten orgullosos por la firmeza del pueblo sirio ante la embestida terrorista.<\/p>\n<div id='gallery-1' class='gallery galleryid-303906 gallery-columns-1 gallery-size-full'><figure class='gallery-item'>\n\t\t\t<div class='gallery-icon landscape'>\n\t\t\t\t<a href='https:\/\/archive.sana.sy\/es\/wp-content\/uploads\/2023\/07\/361566880_671118475054469_1837918631480093993_n.jpg'><img loading=\"lazy\" decoding=\"async\" width=\"2048\" height=\"1365\" src=\"https:\/\/archive.sana.sy\/es\/wp-content\/uploads\/2023\/07\/361566880_671118475054469_1837918631480093993_n.jpg\" class=\"attachment-full size-full\" alt=\"\" srcset=\"https:\/\/archive.sana.sy\/es\/wp-content\/uploads\/2023\/07\/361566880_671118475054469_1837918631480093993_n.jpg 2048w, https:\/\/archive.sana.sy\/es\/wp-content\/uploads\/2023\/07\/361566880_671118475054469_1837918631480093993_n-300x200.jpg 300w, https:\/\/archive.sana.sy\/es\/wp-content\/uploads\/2023\/07\/361566880_671118475054469_1837918631480093993_n-1024x683.jpg 1024w, https:\/\/archive.sana.sy\/es\/wp-content\/uploads\/2023\/07\/361566880_671118475054469_1837918631480093993_n-150x100.jpg 150w, https:\/\/archive.sana.sy\/es\/wp-content\/uploads\/2023\/07\/361566880_671118475054469_1837918631480093993_n-768x512.jpg 768w, https:\/\/archive.sana.sy\/es\/wp-content\/uploads\/2023\/07\/361566880_671118475054469_1837918631480093993_n-1536x1024.jpg 1536w\" sizes=\"(max-width: 2048px) 100vw, 2048px\" \/><\/a>\n\t\t\t<\/div><\/figure><figure class='gallery-item'>\n\t\t\t<div class='gallery-icon landscape'>\n\t\t\t\t<a href='https:\/\/archive.sana.sy\/es\/wp-content\/uploads\/2023\/07\/361580219_671118611721122_772367604330685926_n.jpg'><img loading=\"lazy\" decoding=\"async\" width=\"2048\" height=\"1200\" src=\"https:\/\/archive.sana.sy\/es\/wp-content\/uploads\/2023\/07\/361580219_671118611721122_772367604330685926_n.jpg\" class=\"attachment-full size-full\" alt=\"\" srcset=\"https:\/\/archive.sana.sy\/es\/wp-content\/uploads\/2023\/07\/361580219_671118611721122_772367604330685926_n.jpg 2048w, https:\/\/archive.sana.sy\/es\/wp-content\/uploads\/2023\/07\/361580219_671118611721122_772367604330685926_n-300x176.jpg 300w, https:\/\/archive.sana.sy\/es\/wp-content\/uploads\/2023\/07\/361580219_671118611721122_772367604330685926_n-1024x600.jpg 1024w, https:\/\/archive.sana.sy\/es\/wp-content\/uploads\/2023\/07\/361580219_671118611721122_772367604330685926_n-150x88.jpg 150w, https:\/\/archive.sana.sy\/es\/wp-content\/uploads\/2023\/07\/361580219_671118611721122_772367604330685926_n-768x450.jpg 768w, https:\/\/archive.sana.sy\/es\/wp-content\/uploads\/2023\/07\/361580219_671118611721122_772367604330685926_n-1536x900.jpg 1536w\" sizes=\"(max-width: 2048px) 100vw, 2048px\" \/><\/a>\n\t\t\t<\/div><\/figure><figure class='gallery-item'>\n\t\t\t<div class='gallery-icon landscape'>\n\t\t\t\t<a href='https:\/\/archive.sana.sy\/es\/wp-content\/uploads\/2023\/07\/361589012_671118561721127_741341523773517361_n.jpg'><img loading=\"lazy\" decoding=\"async\" width=\"2048\" height=\"1461\" src=\"https:\/\/archive.sana.sy\/es\/wp-content\/uploads\/2023\/07\/361589012_671118561721127_741341523773517361_n.jpg\" class=\"attachment-full size-full\" alt=\"\" srcset=\"https:\/\/archive.sana.sy\/es\/wp-content\/uploads\/2023\/07\/361589012_671118561721127_741341523773517361_n.jpg 2048w, https:\/\/archive.sana.sy\/es\/wp-content\/uploads\/2023\/07\/361589012_671118561721127_741341523773517361_n-300x214.jpg 300w, https:\/\/archive.sana.sy\/es\/wp-content\/uploads\/2023\/07\/361589012_671118561721127_741341523773517361_n-1024x731.jpg 1024w, https:\/\/archive.sana.sy\/es\/wp-content\/uploads\/2023\/07\/361589012_671118561721127_741341523773517361_n-150x107.jpg 150w, https:\/\/archive.sana.sy\/es\/wp-content\/uploads\/2023\/07\/361589012_671118561721127_741341523773517361_n-768x548.jpg 768w, https:\/\/archive.sana.sy\/es\/wp-content\/uploads\/2023\/07\/361589012_671118561721127_741341523773517361_n-1536x1096.jpg 1536w\" sizes=\"(max-width: 2048px) 100vw, 2048px\" \/><\/a>\n\t\t\t<\/div><\/figure><figure class='gallery-item'>\n\t\t\t<div class='gallery-icon landscape'>\n\t\t\t\t<a href='https:\/\/archive.sana.sy\/es\/wp-content\/uploads\/2023\/07\/361591753_671118265054490_8401815581602745548_n.jpg'><img loading=\"lazy\" decoding=\"async\" width=\"2048\" height=\"1483\" src=\"https:\/\/archive.sana.sy\/es\/wp-content\/uploads\/2023\/07\/361591753_671118265054490_8401815581602745548_n.jpg\" class=\"attachment-full size-full\" alt=\"\" srcset=\"https:\/\/archive.sana.sy\/es\/wp-content\/uploads\/2023\/07\/361591753_671118265054490_8401815581602745548_n.jpg 2048w, https:\/\/archive.sana.sy\/es\/wp-content\/uploads\/2023\/07\/361591753_671118265054490_8401815581602745548_n-300x217.jpg 300w, https:\/\/archive.sana.sy\/es\/wp-content\/uploads\/2023\/07\/361591753_671118265054490_8401815581602745548_n-1024x742.jpg 1024w, https:\/\/archive.sana.sy\/es\/wp-content\/uploads\/2023\/07\/361591753_671118265054490_8401815581602745548_n-150x109.jpg 150w, https:\/\/archive.sana.sy\/es\/wp-content\/uploads\/2023\/07\/361591753_671118265054490_8401815581602745548_n-768x556.jpg 768w, https:\/\/archive.sana.sy\/es\/wp-content\/uploads\/2023\/07\/361591753_671118265054490_8401815581602745548_n-1536x1112.jpg 1536w\" sizes=\"(max-width: 2048px) 100vw, 2048px\" \/><\/a>\n\t\t\t<\/div><\/figure><figure class='gallery-item'>\n\t\t\t<div class='gallery-icon landscape'>\n\t\t\t\t<a href='https:\/\/archive.sana.sy\/es\/wp-content\/uploads\/2023\/07\/361610851_671118595054457_351236302452834263_n.jpg'><img loading=\"lazy\" decoding=\"async\" width=\"2048\" height=\"1240\" src=\"https:\/\/archive.sana.sy\/es\/wp-content\/uploads\/2023\/07\/361610851_671118595054457_351236302452834263_n.jpg\" class=\"attachment-full size-full\" alt=\"\" srcset=\"https:\/\/archive.sana.sy\/es\/wp-content\/uploads\/2023\/07\/361610851_671118595054457_351236302452834263_n.jpg 2048w, https:\/\/archive.sana.sy\/es\/wp-content\/uploads\/2023\/07\/361610851_671118595054457_351236302452834263_n-300x182.jpg 300w, https:\/\/archive.sana.sy\/es\/wp-content\/uploads\/2023\/07\/361610851_671118595054457_351236302452834263_n-1024x620.jpg 1024w, https:\/\/archive.sana.sy\/es\/wp-content\/uploads\/2023\/07\/361610851_671118595054457_351236302452834263_n-150x91.jpg 150w, https:\/\/archive.sana.sy\/es\/wp-content\/uploads\/2023\/07\/361610851_671118595054457_351236302452834263_n-768x465.jpg 768w, https:\/\/archive.sana.sy\/es\/wp-content\/uploads\/2023\/07\/361610851_671118595054457_351236302452834263_n-1536x930.jpg 1536w\" sizes=\"(max-width: 2048px) 100vw, 2048px\" \/><\/a>\n\t\t\t<\/div><\/figure><figure class='gallery-item'>\n\t\t\t<div class='gallery-icon landscape'>\n\t\t\t\t<a href='https:\/\/archive.sana.sy\/es\/wp-content\/uploads\/2023\/07\/photo_2023-07-16_13-28-43-2.jpg'><img loading=\"lazy\" decoding=\"async\" width=\"1280\" height=\"770\" src=\"https:\/\/archive.sana.sy\/es\/wp-content\/uploads\/2023\/07\/photo_2023-07-16_13-28-43-2.jpg\" class=\"attachment-full size-full\" alt=\"\" srcset=\"https:\/\/archive.sana.sy\/es\/wp-content\/uploads\/2023\/07\/photo_2023-07-16_13-28-43-2.jpg 1280w, https:\/\/archive.sana.sy\/es\/wp-content\/uploads\/2023\/07\/photo_2023-07-16_13-28-43-2-300x180.jpg 300w, https:\/\/archive.sana.sy\/es\/wp-content\/uploads\/2023\/07\/photo_2023-07-16_13-28-43-2-1024x616.jpg 1024w, https:\/\/archive.sana.sy\/es\/wp-content\/uploads\/2023\/07\/photo_2023-07-16_13-28-43-2-150x90.jpg 150w, https:\/\/archive.sana.sy\/es\/wp-content\/uploads\/2023\/07\/photo_2023-07-16_13-28-43-2-768x462.jpg 768w\" sizes=\"(max-width: 1280px) 100vw, 1280px\" \/><\/a>\n\t\t\t<\/div><\/figure><figure class='gallery-item'>\n\t\t\t<div class='gallery-icon landscape'>\n\t\t\t\t<a href='https:\/\/archive.sana.sy\/es\/wp-content\/uploads\/2023\/07\/photo_2023-07-16_13-28-43.jpg'><img loading=\"lazy\" decoding=\"async\" width=\"1280\" height=\"693\" src=\"https:\/\/archive.sana.sy\/es\/wp-content\/uploads\/2023\/07\/photo_2023-07-16_13-28-43.jpg\" class=\"attachment-full size-full\" alt=\"\" srcset=\"https:\/\/archive.sana.sy\/es\/wp-content\/uploads\/2023\/07\/photo_2023-07-16_13-28-43.jpg 1280w, https:\/\/archive.sana.sy\/es\/wp-content\/uploads\/2023\/07\/photo_2023-07-16_13-28-43-300x162.jpg 300w, https:\/\/archive.sana.sy\/es\/wp-content\/uploads\/2023\/07\/photo_2023-07-16_13-28-43-1024x554.jpg 1024w, https:\/\/archive.sana.sy\/es\/wp-content\/uploads\/2023\/07\/photo_2023-07-16_13-28-43-150x81.jpg 150w, https:\/\/archive.sana.sy\/es\/wp-content\/uploads\/2023\/07\/photo_2023-07-16_13-28-43-768x416.jpg 768w\" sizes=\"(max-width: 1280px) 100vw, 1280px\" \/><\/a>\n\t\t\t<\/div><\/figure>\n\t\t<\/div>\n\n<p><iframe loading=\"lazy\" title=\"Presidente sirio Bashar Al-Assad recibe a Primer Ministro de Iraq\" src=\"https:\/\/www.youtube.com\/embed\/M3Zcj_MKRvY\" width=\"665\" height=\"374\" frameborder=\"0\" allowfullscreen=\"allowfullscreen\"><\/iframe><\/p>\n<p style=\"text-align: justify;\"><strong>fm\/ws<\/strong><\/p>\n","protected":false},"excerpt":{"rendered":"<p>El Primer Ministro encabeza una delegaci\u00f3n conformada por el viceprimer ministro y ministro de Asuntos Exteriores, Fuad Hussein, el ministro de Comercio, Atheer Selm\u00e1n, y el teniente general Qais Rahima, Suncomandante de Operaciones Conjuntas. Damasco, 16 jul (SANA)\u00a0 El presidente Bashar Al-Assad, recibi\u00f3 hoy al primer ministro iraqu\u00ed, Muhammad Shia Al-Sudani, quien comenz\u00f3 hoy una &hellip;<\/p>\n","protected":false},"author":35,"featured_media":303908,"comment_status":"closed","ping_status":"closed","sticky":false,"template":"","format":"standard","meta":{"footnotes":""},"categories":[477,447,597,20724,476,16237,583],"tags":[5835,6553],"class_list":["post-303906","post","type-post","status-publish","format-standard","has-post-thumbnail","","category-noticias-edulcorantes","category-local-politica","category-cinta-de-noticias","category-minuto-a-minuto","category-locales","category-presidence-de-la-republique-arabe-syria","category-slide","tag-iraq","tag-siria"],"_links":{"self":[{"href":"https:\/\/archive.sana.sy\/es\/index.php?rest_route=\/wp\/v2\/posts\/303906"}],"collection":[{"href":"https:\/\/archive.sana.sy\/es\/index.php?rest_route=\/wp\/v2\/posts"}],"about":[{"href":"https:\/\/archive.sana.sy\/es\/index.php?rest_route=\/wp\/v2\/types\/post"}],"author":[{"embeddable":true,"href":"https:\/\/archive.sana.sy\/es\/index.php?rest_route=\/wp\/v2\/users\/35"}],"replies":[{"embeddable":true,"href":"https:\/\/archive.sana.sy\/es\/index.php?rest_route=%2Fwp%2Fv2%2Fcomments&post=303906"}],"version-history":[{"count":13,"href":"https:\/\/archive.sana.sy\/es\/index.php?rest_route=\/wp\/v2\/posts\/303906\/revisions"}],"predecessor-version":[{"id":303939,"href":"https:\/\/archive.sana.sy\/es\/index.php?rest_route=\/wp\/v2\/posts\/303906\/revisions\/303939"}],"wp:featuredmedia":[{"embeddable":true,"href":"https:\/\/archive.sana.sy\/es\/index.php?rest_route=\/wp\/v2\/media\/303908"}],"wp:attachment":[{"href":"https:\/\/archive.sana.sy\/es\/index.php?rest_route=%2Fwp%2Fv2%2Fmedia&parent=303906"}],"wp:term":[{"taxonomy":"category","embeddable":true,"href":"https:\/\/archive.sana.sy\/es\/index.php?rest_route=%2Fwp%2Fv2%2Fcategories&post=303906"},{"taxonomy":"post_tag","embeddable":true,"href":"https:\/\/archive.sana.sy\/es\/index.php?rest_route=%2Fwp%2Fv2%2Ftags&post=303906"}],"curies":[{"name":"wp","href":"https:\/\/api.w.org\/{rel}","templated":true}]}}