{"id":304007,"date":"2023-07-17T14:39:42","date_gmt":"2023-07-17T11:39:42","guid":{"rendered":"https:\/\/sana.sy\/es\/?p=304007"},"modified":"2023-07-17T14:40:02","modified_gmt":"2023-07-17T11:40:02","slug":"canciller-brasileno-rechaza-sanciones-a-rusia-y-reafirma-que-brasilia-no-enviara-armas-a-kiev","status":"publish","type":"post","link":"https:\/\/archive.sana.sy\/es\/?p=304007","title":{"rendered":"Canciller brasile\u00f1o rechaza sanciones a Rusia y reafirma que Brasilia no enviar\u00e1 armas a Kiev"},"content":{"rendered":"<p style=\"text-align: justify;\"><span style=\"color: #800000;\"><strong>Brasilia, 17 jul (SANA)<\/strong><\/span> Brasil reiter\u00f3 hoy su rechazo a las sanciones impuestas por Occidente contra Rusia y descart\u00f3 planes para enviar armas a Ucrania.<\/p>\n<p style=\"text-align: justify;\">En entrevista con la agencia Sputnik, el canciller brasile\u00f1o Mauro Vieira dijo que Brasilia se opone a estas medidas unilaterales y solo reconoce las que son aprobadas en el \u00e1mbito del Consejo de Seguridad de Naciones Unidas.<\/p>\n<p style=\"text-align: justify;\">La Administraci\u00f3n de Luiz In\u00e1cio Lula da Silva mantiene la postura de no enviar municiones a las partes en el conflicto, revel\u00f3 el ministro.<\/p>\n<p style=\"text-align: justify;\"><strong>ws\/fm<\/strong><\/p>\n","protected":false},"excerpt":{"rendered":"<p>Brasilia, 17 jul (SANA) Brasil reiter\u00f3 hoy su rechazo a las sanciones impuestas por Occidente contra Rusia y descart\u00f3 planes para enviar armas a Ucrania. En entrevista con la agencia Sputnik, el canciller brasile\u00f1o Mauro Vieira dijo que Brasilia se opone a estas medidas unilaterales y solo reconoce las que son aprobadas en el \u00e1mbito &hellip;<\/p>\n","protected":false},"author":32,"featured_media":304008,"comment_status":"closed","ping_status":"closed","sticky":false,"template":"","format":"standard","meta":{"footnotes":""},"categories":[597,456,16687,20724,7541],"tags":[],"class_list":["post-304007","post","type-post","status-publish","format-standard","has-post-thumbnail","","category-cinta-de-noticias","category-arabe-internacional-politica","category-internacionales","category-minuto-a-minuto","category-ultimas-noticias"],"_links":{"self":[{"href":"https:\/\/archive.sana.sy\/es\/index.php?rest_route=\/wp\/v2\/posts\/304007"}],"collection":[{"href":"https:\/\/archive.sana.sy\/es\/index.php?rest_route=\/wp\/v2\/posts"}],"about":[{"href":"https:\/\/archive.sana.sy\/es\/index.php?rest_route=\/wp\/v2\/types\/post"}],"author":[{"embeddable":true,"href":"https:\/\/archive.sana.sy\/es\/index.php?rest_route=\/wp\/v2\/users\/32"}],"replies":[{"embeddable":true,"href":"https:\/\/archive.sana.sy\/es\/index.php?rest_route=%2Fwp%2Fv2%2Fcomments&post=304007"}],"version-history":[{"count":2,"href":"https:\/\/archive.sana.sy\/es\/index.php?rest_route=\/wp\/v2\/posts\/304007\/revisions"}],"predecessor-version":[{"id":304010,"href":"https:\/\/archive.sana.sy\/es\/index.php?rest_route=\/wp\/v2\/posts\/304007\/revisions\/304010"}],"wp:featuredmedia":[{"embeddable":true,"href":"https:\/\/archive.sana.sy\/es\/index.php?rest_route=\/wp\/v2\/media\/304008"}],"wp:attachment":[{"href":"https:\/\/archive.sana.sy\/es\/index.php?rest_route=%2Fwp%2Fv2%2Fmedia&parent=304007"}],"wp:term":[{"taxonomy":"category","embeddable":true,"href":"https:\/\/archive.sana.sy\/es\/index.php?rest_route=%2Fwp%2Fv2%2Fcategories&post=304007"},{"taxonomy":"post_tag","embeddable":true,"href":"https:\/\/archive.sana.sy\/es\/index.php?rest_route=%2Fwp%2Fv2%2Ftags&post=304007"}],"curies":[{"name":"wp","href":"https:\/\/api.w.org\/{rel}","templated":true}]}}