{"id":304019,"date":"2023-07-17T16:09:28","date_gmt":"2023-07-17T13:09:28","guid":{"rendered":"http:\/\/sana.sy\/es\/?p=304019"},"modified":"2023-07-17T16:09:39","modified_gmt":"2023-07-17T13:09:39","slug":"artista-siria-exhibe-50-de-sus-obras-en-una-exposicion-en-sweida-fotos","status":"publish","type":"post","link":"https:\/\/archive.sana.sy\/es\/?p=304019","title":{"rendered":"Artista siria exhibe 50 de sus obras en una exposici\u00f3n en Sweida (+ fotos)"},"content":{"rendered":"<p style=\"text-align: justify;\"><span style=\"color: #800000;\"><strong>Sweida, 17 jul (SANA)<\/strong> <\/span>Bajo el t\u00edtulo \u201cLa Primavera Pl\u00e1stica\u201d, la artista pl\u00e1stica Nermin Abu Fakhr Harb, exhibi\u00f3 medio centenar de sus obras en la Galer\u00eda del Palacio de la Cultura en la provincia de Sweida, en el sur de Siria.<\/p>\n<p style=\"text-align: justify;\">En la muestra, Nermin utiliz\u00f3 estilos art\u00edsticos sencillos basados en gr\u00e1ficos y grabados, as\u00ed como opt\u00f3 por t\u00e9cnicas de impresi\u00f3n en metal, piedra, seda y lin\u00f3leo.<\/p>\n<p style=\"text-align: justify;\">La exposici\u00f3n incluye varias pinturas graficas en acr\u00edlico de estilo expresionista, adem\u00e1s de pinturas con toques decorativos en acuarela y tinta.<\/p>\n<div id='gallery-1' class='gallery galleryid-304019 gallery-columns-1 gallery-size-full'><figure class='gallery-item'>\n\t\t\t<div class='gallery-icon landscape'>\n\t\t\t\t<a href='https:\/\/archive.sana.sy\/es\/wp-content\/uploads\/2023\/07\/DSC_0051-300x184-1.jpg'><img loading=\"lazy\" decoding=\"async\" width=\"300\" height=\"184\" src=\"https:\/\/archive.sana.sy\/es\/wp-content\/uploads\/2023\/07\/DSC_0051-300x184-1.jpg\" class=\"attachment-full size-full\" alt=\"\" srcset=\"https:\/\/archive.sana.sy\/es\/wp-content\/uploads\/2023\/07\/DSC_0051-300x184-1.jpg 300w, https:\/\/archive.sana.sy\/es\/wp-content\/uploads\/2023\/07\/DSC_0051-300x184-1-150x92.jpg 150w\" sizes=\"(max-width: 300px) 100vw, 300px\" \/><\/a>\n\t\t\t<\/div><\/figure><figure class='gallery-item'>\n\t\t\t<div class='gallery-icon landscape'>\n\t\t\t\t<a href='https:\/\/archive.sana.sy\/es\/wp-content\/uploads\/2023\/07\/DSC_0042-150x150-1.jpg'><img loading=\"lazy\" decoding=\"async\" width=\"150\" height=\"150\" src=\"https:\/\/archive.sana.sy\/es\/wp-content\/uploads\/2023\/07\/DSC_0042-150x150-1.jpg\" class=\"attachment-full size-full\" alt=\"\" \/><\/a>\n\t\t\t<\/div><\/figure><figure class='gallery-item'>\n\t\t\t<div class='gallery-icon landscape'>\n\t\t\t\t<a href='https:\/\/archive.sana.sy\/es\/wp-content\/uploads\/2023\/07\/Artista-siria-exhibe-50-de-sus-obras-en-una-exposicion-en-Sweida-1.jpg'><img loading=\"lazy\" decoding=\"async\" width=\"660\" height=\"330\" src=\"https:\/\/archive.sana.sy\/es\/wp-content\/uploads\/2023\/07\/Artista-siria-exhibe-50-de-sus-obras-en-una-exposicion-en-Sweida-1.jpg\" class=\"attachment-full size-full\" alt=\"\" srcset=\"https:\/\/archive.sana.sy\/es\/wp-content\/uploads\/2023\/07\/Artista-siria-exhibe-50-de-sus-obras-en-una-exposicion-en-Sweida-1.jpg 660w, https:\/\/archive.sana.sy\/es\/wp-content\/uploads\/2023\/07\/Artista-siria-exhibe-50-de-sus-obras-en-una-exposicion-en-Sweida-1-300x150.jpg 300w, https:\/\/archive.sana.sy\/es\/wp-content\/uploads\/2023\/07\/Artista-siria-exhibe-50-de-sus-obras-en-una-exposicion-en-Sweida-1-150x75.jpg 150w\" sizes=\"(max-width: 660px) 100vw, 660px\" \/><\/a>\n\t\t\t<\/div><\/figure>\n\t\t<\/div>\n\n<p style=\"text-align: justify;\">ed\/fm<\/p>\n","protected":false},"excerpt":{"rendered":"<p>Sweida, 17 jul (SANA) Bajo el t\u00edtulo \u201cLa Primavera Pl\u00e1stica\u201d, la artista pl\u00e1stica Nermin Abu Fakhr Harb, exhibi\u00f3 medio centenar de sus obras en la Galer\u00eda del Palacio de la Cultura en la provincia de Sweida, en el sur de Siria. En la muestra, Nermin utiliz\u00f3 estilos art\u00edsticos sencillos basados en gr\u00e1ficos y grabados, as\u00ed &hellip;<\/p>\n","protected":false},"author":32,"featured_media":304020,"comment_status":"closed","ping_status":"closed","sticky":false,"template":"","format":"standard","meta":{"footnotes":""},"categories":[477,597,19549,20724,476,7541],"tags":[],"class_list":["post-304019","post","type-post","status-publish","format-standard","has-post-thumbnail","","category-noticias-edulcorantes","category-cinta-de-noticias","category-ellas","category-minuto-a-minuto","category-locales","category-ultimas-noticias"],"_links":{"self":[{"href":"https:\/\/archive.sana.sy\/es\/index.php?rest_route=\/wp\/v2\/posts\/304019"}],"collection":[{"href":"https:\/\/archive.sana.sy\/es\/index.php?rest_route=\/wp\/v2\/posts"}],"about":[{"href":"https:\/\/archive.sana.sy\/es\/index.php?rest_route=\/wp\/v2\/types\/post"}],"author":[{"embeddable":true,"href":"https:\/\/archive.sana.sy\/es\/index.php?rest_route=\/wp\/v2\/users\/32"}],"replies":[{"embeddable":true,"href":"https:\/\/archive.sana.sy\/es\/index.php?rest_route=%2Fwp%2Fv2%2Fcomments&post=304019"}],"version-history":[{"count":2,"href":"https:\/\/archive.sana.sy\/es\/index.php?rest_route=\/wp\/v2\/posts\/304019\/revisions"}],"predecessor-version":[{"id":304026,"href":"https:\/\/archive.sana.sy\/es\/index.php?rest_route=\/wp\/v2\/posts\/304019\/revisions\/304026"}],"wp:featuredmedia":[{"embeddable":true,"href":"https:\/\/archive.sana.sy\/es\/index.php?rest_route=\/wp\/v2\/media\/304020"}],"wp:attachment":[{"href":"https:\/\/archive.sana.sy\/es\/index.php?rest_route=%2Fwp%2Fv2%2Fmedia&parent=304019"}],"wp:term":[{"taxonomy":"category","embeddable":true,"href":"https:\/\/archive.sana.sy\/es\/index.php?rest_route=%2Fwp%2Fv2%2Fcategories&post=304019"},{"taxonomy":"post_tag","embeddable":true,"href":"https:\/\/archive.sana.sy\/es\/index.php?rest_route=%2Fwp%2Fv2%2Ftags&post=304019"}],"curies":[{"name":"wp","href":"https:\/\/api.w.org\/{rel}","templated":true}]}}