{"id":304027,"date":"2023-07-17T16:18:58","date_gmt":"2023-07-17T13:18:58","guid":{"rendered":"http:\/\/sana.sy\/es\/?p=304027"},"modified":"2023-07-17T16:18:58","modified_gmt":"2023-07-17T13:18:58","slug":"los-terroristas-solo-entienden-el-lenguaje-de-la-fuerza-comenta-medvedev-sobre-el-ataque-de-crimea","status":"publish","type":"post","link":"https:\/\/archive.sana.sy\/es\/?p=304027","title":{"rendered":"\u201cLos terroristas solo entienden el lenguaje de la fuerza\u201d, comenta Medvedev sobre el ataque de Crimea"},"content":{"rendered":"<blockquote>\n<p style=\"text-align: justify;\"><span style=\"color: #993300;\">\u201cLas experiencias han demostrado que es imposible combatir a los terroristas con sanciones internacionales, intimidaci\u00f3n o advertencias y, por lo tanto, solo entienden el lenguaje de la fuerza\u201d<\/span><\/p>\n<\/blockquote>\n<p style=\"text-align: justify;\">\n<span style=\"color: #800000;\"><strong>Mosc\u00fa, 17 jul (SANA)<\/strong><\/span> El vicepresidente del Consejo de Seguridad de Rusia, Dmitry Medvedev, afirm\u00f3 hoy que las experiencias han demostrado que es imposible combatir a los terroristas con sanciones internacionales, intimidaci\u00f3n o advertencias y, por lo tanto, solo entienden el lenguaje de la fuerza.<\/p>\n<p style=\"text-align: justify;\">En su comentario sobre el ataque terrorista contra el puente de Crimea llevado a cabo hoy por el r\u00e9gimen de Kiev, Medvedev escribi\u00f3 en su cuenta en la plataforma Telegram que \u201clos terroristas deben ser atacados, as\u00ed como buscar a sus c\u00f3mplices y liquidarlos, y la idea de la necesidad de procesarlos y abandonar la idea de llevarles a juicio\u201d.<\/p>\n<p style=\"text-align: justify;\">&#8220;Lo principal es destruir el liderazgo supremo de las formaciones terroristas, independientemente de los escondites en los que est\u00e9n atrincherados. Esto es dif\u00edcil, pero posible&#8221; indic\u00f3.<\/p>\n<p style=\"text-align: justify;\">fm\/ed<\/p>\n","protected":false},"excerpt":{"rendered":"<p>\u201cLas experiencias han demostrado que es imposible combatir a los terroristas con sanciones internacionales, intimidaci\u00f3n o advertencias y, por lo tanto, solo entienden el lenguaje de la fuerza\u201d Mosc\u00fa, 17 jul (SANA) El vicepresidente del Consejo de Seguridad de Rusia, Dmitry Medvedev, afirm\u00f3 hoy que las experiencias han demostrado que es imposible combatir a los &hellip;<\/p>\n","protected":false},"author":32,"featured_media":304028,"comment_status":"closed","ping_status":"closed","sticky":false,"template":"","format":"standard","meta":{"footnotes":""},"categories":[597,456,16687,20724,7541],"tags":[],"class_list":["post-304027","post","type-post","status-publish","format-standard","has-post-thumbnail","","category-cinta-de-noticias","category-arabe-internacional-politica","category-internacionales","category-minuto-a-minuto","category-ultimas-noticias"],"_links":{"self":[{"href":"https:\/\/archive.sana.sy\/es\/index.php?rest_route=\/wp\/v2\/posts\/304027"}],"collection":[{"href":"https:\/\/archive.sana.sy\/es\/index.php?rest_route=\/wp\/v2\/posts"}],"about":[{"href":"https:\/\/archive.sana.sy\/es\/index.php?rest_route=\/wp\/v2\/types\/post"}],"author":[{"embeddable":true,"href":"https:\/\/archive.sana.sy\/es\/index.php?rest_route=\/wp\/v2\/users\/32"}],"replies":[{"embeddable":true,"href":"https:\/\/archive.sana.sy\/es\/index.php?rest_route=%2Fwp%2Fv2%2Fcomments&post=304027"}],"version-history":[{"count":1,"href":"https:\/\/archive.sana.sy\/es\/index.php?rest_route=\/wp\/v2\/posts\/304027\/revisions"}],"predecessor-version":[{"id":304029,"href":"https:\/\/archive.sana.sy\/es\/index.php?rest_route=\/wp\/v2\/posts\/304027\/revisions\/304029"}],"wp:featuredmedia":[{"embeddable":true,"href":"https:\/\/archive.sana.sy\/es\/index.php?rest_route=\/wp\/v2\/media\/304028"}],"wp:attachment":[{"href":"https:\/\/archive.sana.sy\/es\/index.php?rest_route=%2Fwp%2Fv2%2Fmedia&parent=304027"}],"wp:term":[{"taxonomy":"category","embeddable":true,"href":"https:\/\/archive.sana.sy\/es\/index.php?rest_route=%2Fwp%2Fv2%2Fcategories&post=304027"},{"taxonomy":"post_tag","embeddable":true,"href":"https:\/\/archive.sana.sy\/es\/index.php?rest_route=%2Fwp%2Fv2%2Ftags&post=304027"}],"curies":[{"name":"wp","href":"https:\/\/api.w.org\/{rel}","templated":true}]}}