{"id":304056,"date":"2023-07-18T08:41:20","date_gmt":"2023-07-18T05:41:20","guid":{"rendered":"http:\/\/sana.sy\/es\/?p=304056"},"modified":"2023-07-18T08:41:20","modified_gmt":"2023-07-18T05:41:20","slug":"el-60-de-los-peruanos-cree-que-el-gobierno-de-boluarte-es-peor-que-el-de-castillo","status":"publish","type":"post","link":"https:\/\/archive.sana.sy\/es\/?p=304056","title":{"rendered":"El 60% de los peruanos cree que el Gobierno de Boluarte es peor que el de Castillo"},"content":{"rendered":"<blockquote>\n<p style=\"text-align: justify;\"><span style=\"color: #993300;\">La gesti\u00f3n de Boluarte como mandataria prosigue con 80,5 % de desaprobaci\u00f3n, mientras un 14,4 % la aprueba. Adem\u00e1s, siete de cada 10 (69,9 %) dijo que actualmente hay menos trabajo que hace seis meses. El 22,4 % piensa que las condiciones laborales son las mismas.<\/span><\/p>\n<\/blockquote>\n<p style=\"text-align: justify;\"><span style=\"color: #800000;\"><strong>Lima, 18 jul (SANA)<\/strong> <\/span>Una encuesta nacional en Per\u00fa mostr\u00f3 el rechazo a la gesti\u00f3n de la presidenta Dina Boluarte en la naci\u00f3n andina, incluso la mayor\u00eda de la ciudadan\u00eda considera que ha sido m\u00e1s negativa que la de su antecesor, Pedro Castillo.<\/p>\n<p style=\"text-align: justify;\">La encuesta mostr\u00f3 que 58,3 % de las personas consultadas valora como peor el Gobierno de Boluarte en comparaci\u00f3n con el de Castillo. Un 32,1 % lo ve igual.<\/p>\n<p style=\"text-align: justify;\">Su gesti\u00f3n como mandataria prosigue con 80,5 % de desaprobaci\u00f3n, mientras un 14,4 % la aprueba.<\/p>\n<p style=\"text-align: justify;\">Por su parte, el Congreso de la Rep\u00fablica se consolida como la instituci\u00f3n m\u00e1s repudiada (90,8 %), en tanto que solo un 5,9 % respalda su labor legislativa.<\/p>\n<p style=\"text-align: justify;\">Un 53,7 % respondi\u00f3 que la situaci\u00f3n econ\u00f3mica de su hogar ha empeorado durante el breve mandato de Boluarte. El 41,1 % opin\u00f3 que se mantiene igual.<\/p>\n<p style=\"text-align: justify;\">Adem\u00e1s, siete de cada 10 (69,9 %) dijo que actualmente hay menos trabajo que hace seis meses. El 22,4 % piensa que las condiciones laborales son las mismas.<\/p>\n<p style=\"text-align: justify;\">fm\/as<\/p>\n","protected":false},"excerpt":{"rendered":"<p>La gesti\u00f3n de Boluarte como mandataria prosigue con 80,5 % de desaprobaci\u00f3n, mientras un 14,4 % la aprueba. Adem\u00e1s, siete de cada 10 (69,9 %) dijo que actualmente hay menos trabajo que hace seis meses. El 22,4 % piensa que las condiciones laborales son las mismas. Lima, 18 jul (SANA) Una encuesta nacional en Per\u00fa &hellip;<\/p>\n","protected":false},"author":42,"featured_media":304057,"comment_status":"closed","ping_status":"closed","sticky":false,"template":"","format":"standard","meta":{"footnotes":""},"categories":[597,456,16687,20724,7541],"tags":[],"class_list":["post-304056","post","type-post","status-publish","format-standard","has-post-thumbnail","","category-cinta-de-noticias","category-arabe-internacional-politica","category-internacionales","category-minuto-a-minuto","category-ultimas-noticias"],"_links":{"self":[{"href":"https:\/\/archive.sana.sy\/es\/index.php?rest_route=\/wp\/v2\/posts\/304056"}],"collection":[{"href":"https:\/\/archive.sana.sy\/es\/index.php?rest_route=\/wp\/v2\/posts"}],"about":[{"href":"https:\/\/archive.sana.sy\/es\/index.php?rest_route=\/wp\/v2\/types\/post"}],"author":[{"embeddable":true,"href":"https:\/\/archive.sana.sy\/es\/index.php?rest_route=\/wp\/v2\/users\/42"}],"replies":[{"embeddable":true,"href":"https:\/\/archive.sana.sy\/es\/index.php?rest_route=%2Fwp%2Fv2%2Fcomments&post=304056"}],"version-history":[{"count":1,"href":"https:\/\/archive.sana.sy\/es\/index.php?rest_route=\/wp\/v2\/posts\/304056\/revisions"}],"predecessor-version":[{"id":304058,"href":"https:\/\/archive.sana.sy\/es\/index.php?rest_route=\/wp\/v2\/posts\/304056\/revisions\/304058"}],"wp:featuredmedia":[{"embeddable":true,"href":"https:\/\/archive.sana.sy\/es\/index.php?rest_route=\/wp\/v2\/media\/304057"}],"wp:attachment":[{"href":"https:\/\/archive.sana.sy\/es\/index.php?rest_route=%2Fwp%2Fv2%2Fmedia&parent=304056"}],"wp:term":[{"taxonomy":"category","embeddable":true,"href":"https:\/\/archive.sana.sy\/es\/index.php?rest_route=%2Fwp%2Fv2%2Fcategories&post=304056"},{"taxonomy":"post_tag","embeddable":true,"href":"https:\/\/archive.sana.sy\/es\/index.php?rest_route=%2Fwp%2Fv2%2Ftags&post=304056"}],"curies":[{"name":"wp","href":"https:\/\/api.w.org\/{rel}","templated":true}]}}