{"id":304140,"date":"2023-07-19T15:53:09","date_gmt":"2023-07-19T12:53:09","guid":{"rendered":"http:\/\/sana.sy\/es\/?p=304140"},"modified":"2023-07-19T15:53:50","modified_gmt":"2023-07-19T12:53:50","slug":"dos-militares-sirios-heridos-por-agresion-israeli-contra-varios-puntos-cerca-de-damasco","status":"publish","type":"post","link":"https:\/\/archive.sana.sy\/es\/?p=304140","title":{"rendered":"Dos militares sirios heridos por agresi\u00f3n israel\u00ed contra varios puntos cerca de Damasco (+Video)"},"content":{"rendered":"<p style=\"text-align: justify\"><span style=\"color: #800000\"><strong>Damasco, 19 jul (SANA)\u00a0<\/strong><\/span> \u00a0El Ministerio de Defensa de Siria inform\u00f3 hoy que alrededor de la 12:25 de la medianoche del martes al mi\u00e9rcoles, \u201cIsrael\u201d llev\u00f3 a cabo un ataque a\u00e9reo contra algunas posiciones al suroeste de Damasco, la capital siria.<\/p>\n<p style=\"text-align: justify\">Por medio de una nota enviada a SANA, el ente castrense aclar\u00f3 que andanadas de misiles fueron disparados desde la direcci\u00f3n del Gol\u00e1n sirio ocupado.<\/p>\n<p style=\"text-align: justify\">Agreg\u00f3 que las defensas a\u00e9reas interceptaron varios proyectiles, mientras el impacto de otros caus\u00f3 lesiones a dos militares y ocasion\u00f3 algunos da\u00f1os materiales.<\/p>\n<p>&nbsp;<\/p>\n<p>&nbsp;<\/p>\n<div id='gallery-1' class='gallery galleryid-304140 gallery-columns-1 gallery-size-full'><figure class='gallery-item'>\n\t\t\t<div class='gallery-icon landscape'>\n\t\t\t\t<a href='https:\/\/archive.sana.sy\/es\/wp-content\/uploads\/2023\/07\/photo_2023-07-19_00-38-26-scaled-1.jpg'><img loading=\"lazy\" decoding=\"async\" width=\"2560\" height=\"1213\" src=\"https:\/\/archive.sana.sy\/es\/wp-content\/uploads\/2023\/07\/photo_2023-07-19_00-38-26-scaled-1.jpg\" class=\"attachment-full size-full\" alt=\"\" srcset=\"https:\/\/archive.sana.sy\/es\/wp-content\/uploads\/2023\/07\/photo_2023-07-19_00-38-26-scaled-1.jpg 2560w, https:\/\/archive.sana.sy\/es\/wp-content\/uploads\/2023\/07\/photo_2023-07-19_00-38-26-scaled-1-300x142.jpg 300w, https:\/\/archive.sana.sy\/es\/wp-content\/uploads\/2023\/07\/photo_2023-07-19_00-38-26-scaled-1-1024x485.jpg 1024w, https:\/\/archive.sana.sy\/es\/wp-content\/uploads\/2023\/07\/photo_2023-07-19_00-38-26-scaled-1-150x71.jpg 150w, https:\/\/archive.sana.sy\/es\/wp-content\/uploads\/2023\/07\/photo_2023-07-19_00-38-26-scaled-1-768x364.jpg 768w, https:\/\/archive.sana.sy\/es\/wp-content\/uploads\/2023\/07\/photo_2023-07-19_00-38-26-scaled-1-1536x728.jpg 1536w, https:\/\/archive.sana.sy\/es\/wp-content\/uploads\/2023\/07\/photo_2023-07-19_00-38-26-scaled-1-2048x970.jpg 2048w\" sizes=\"(max-width: 2560px) 100vw, 2560px\" \/><\/a>\n\t\t\t<\/div><\/figure><figure class='gallery-item'>\n\t\t\t<div class='gallery-icon landscape'>\n\t\t\t\t<a href='https:\/\/archive.sana.sy\/es\/wp-content\/uploads\/2023\/07\/photo_2023-07-19_00-38-25-scaled-1.jpg'><img loading=\"lazy\" decoding=\"async\" width=\"2560\" height=\"1577\" src=\"https:\/\/archive.sana.sy\/es\/wp-content\/uploads\/2023\/07\/photo_2023-07-19_00-38-25-scaled-1.jpg\" class=\"attachment-full size-full\" alt=\"\" srcset=\"https:\/\/archive.sana.sy\/es\/wp-content\/uploads\/2023\/07\/photo_2023-07-19_00-38-25-scaled-1.jpg 2560w, https:\/\/archive.sana.sy\/es\/wp-content\/uploads\/2023\/07\/photo_2023-07-19_00-38-25-scaled-1-300x185.jpg 300w, https:\/\/archive.sana.sy\/es\/wp-content\/uploads\/2023\/07\/photo_2023-07-19_00-38-25-scaled-1-1024x631.jpg 1024w, https:\/\/archive.sana.sy\/es\/wp-content\/uploads\/2023\/07\/photo_2023-07-19_00-38-25-scaled-1-150x92.jpg 150w, https:\/\/archive.sana.sy\/es\/wp-content\/uploads\/2023\/07\/photo_2023-07-19_00-38-25-scaled-1-768x473.jpg 768w, https:\/\/archive.sana.sy\/es\/wp-content\/uploads\/2023\/07\/photo_2023-07-19_00-38-25-scaled-1-1536x946.jpg 1536w, https:\/\/archive.sana.sy\/es\/wp-content\/uploads\/2023\/07\/photo_2023-07-19_00-38-25-scaled-1-2048x1262.jpg 2048w\" sizes=\"(max-width: 2560px) 100vw, 2560px\" \/><\/a>\n\t\t\t<\/div><\/figure>\n\t\t<\/div>\n\n<p style=\"text-align: justify\">fm\/rr<\/p>\n","protected":false},"excerpt":{"rendered":"<p>Damasco, 19 jul (SANA)\u00a0 \u00a0El Ministerio de Defensa de Siria inform\u00f3 hoy que alrededor de la 12:25 de la medianoche del martes al mi\u00e9rcoles, \u201cIsrael\u201d llev\u00f3 a cabo un ataque a\u00e9reo contra algunas posiciones al suroeste de Damasco, la capital siria. Por medio de una nota enviada a SANA, el ente castrense aclar\u00f3 que andanadas &hellip;<\/p>\n","protected":false},"author":31,"featured_media":304148,"comment_status":"closed","ping_status":"closed","sticky":false,"template":"","format":"standard","meta":{"footnotes":""},"categories":[597,573,476,583],"tags":[11331,7161,22278,7204,6553],"class_list":["post-304140","post","type-post","status-publish","format-standard","has-post-thumbnail","","category-cinta-de-noticias","category-la-realidad-de-los-acontecimientos-en-siria","category-locales","category-slide","tag-agresion","tag-damasco","tag-defensa-siria","tag-israel","tag-siria"],"_links":{"self":[{"href":"https:\/\/archive.sana.sy\/es\/index.php?rest_route=\/wp\/v2\/posts\/304140"}],"collection":[{"href":"https:\/\/archive.sana.sy\/es\/index.php?rest_route=\/wp\/v2\/posts"}],"about":[{"href":"https:\/\/archive.sana.sy\/es\/index.php?rest_route=\/wp\/v2\/types\/post"}],"author":[{"embeddable":true,"href":"https:\/\/archive.sana.sy\/es\/index.php?rest_route=\/wp\/v2\/users\/31"}],"replies":[{"embeddable":true,"href":"https:\/\/archive.sana.sy\/es\/index.php?rest_route=%2Fwp%2Fv2%2Fcomments&post=304140"}],"version-history":[{"count":5,"href":"https:\/\/archive.sana.sy\/es\/index.php?rest_route=\/wp\/v2\/posts\/304140\/revisions"}],"predecessor-version":[{"id":304175,"href":"https:\/\/archive.sana.sy\/es\/index.php?rest_route=\/wp\/v2\/posts\/304140\/revisions\/304175"}],"wp:featuredmedia":[{"embeddable":true,"href":"https:\/\/archive.sana.sy\/es\/index.php?rest_route=\/wp\/v2\/media\/304148"}],"wp:attachment":[{"href":"https:\/\/archive.sana.sy\/es\/index.php?rest_route=%2Fwp%2Fv2%2Fmedia&parent=304140"}],"wp:term":[{"taxonomy":"category","embeddable":true,"href":"https:\/\/archive.sana.sy\/es\/index.php?rest_route=%2Fwp%2Fv2%2Fcategories&post=304140"},{"taxonomy":"post_tag","embeddable":true,"href":"https:\/\/archive.sana.sy\/es\/index.php?rest_route=%2Fwp%2Fv2%2Ftags&post=304140"}],"curies":[{"name":"wp","href":"https:\/\/api.w.org\/{rel}","templated":true}]}}