{"id":304181,"date":"2023-07-19T16:31:08","date_gmt":"2023-07-19T13:31:08","guid":{"rendered":"http:\/\/sana.sy\/es\/?p=304181"},"modified":"2023-07-19T16:31:28","modified_gmt":"2023-07-19T13:31:28","slug":"moscu-desmiente-noticias-sobre-supuestas-conversaciones-secretas-entre-rusia-y-eeuu-sobre-un-acuerdo-con-kiev","status":"publish","type":"post","link":"https:\/\/archive.sana.sy\/es\/?p=304181","title":{"rendered":"Mosc\u00fa desmiente supuestas conversaciones secretas entre Rusia y EEUU sobre un acuerdo con Kiev"},"content":{"rendered":"<p style=\"text-align: justify\"><span style=\"color: #800000\"><strong>Mosc\u00fa, 19 jul (SANA)<\/strong> <\/span>El Ministerio de Relaciones Exteriores de Rusia desminti\u00f3 noticias sobre \u201cconversaciones secretas\u201d entre Rusia y Estados Unidos acerca de un acuerdo con Ucrania, y advirti\u00f3 que tales mentiras seguir\u00e1n circulando con el objetivo de \u201csembrar discordia y socavar la estabilidad de Rusia\u201d.<\/p>\n<p style=\"text-align: justify\">Anteriormente, NBC inform\u00f3, citando a fuentes no identificadas, que ex funcionarios estadounidenses mantuvieron conversaciones secretas con el canciller ruso, Serguei Lavrov, en abril pasado para allanar el camino hacia negociaciones con el r\u00e9gimen de Kiev.<\/p>\n<p style=\"text-align: justify\">&#8220;Lavrov no ha tenido conversaciones con nadie sobre la trayectoria 2 o 3 respecto a los acuerdos con Ucrania, tal como lo expresaron los medios estadounidenses. Estas son falsos cuentos, y esto se hizo intencionalmente. Entre otras cosas, &lt;&#8230;&gt; este tema se mencionar\u00e1 constantemente con el \u00fanico prop\u00f3sito de desestabilizarnos desde adentro\u201d, cit\u00f3 RT a la vocera de la Canciller\u00eda rusa, Mar\u00eda Zaj\u00e1rova.<\/p>\n<p style=\"text-align: justify\">Anteriormente Zaj\u00e1rova explic\u00f3 que Estados Unidos estaba tratando de presentar una de las reuniones de Lavrov con acad\u00e9micos de ciencias pol\u00edticas en las Naciones Unidas como una supuesta reuni\u00f3n con figuras pol\u00edticas estadounidenses.<\/p>\n<p style=\"text-align: justify\">Seg\u00fan ella, en el encuentro, el jefe de la diplomacia rusa discuti\u00f3 con los expertos las relaciones internacionales actuales y la agenda global, sin abordar el plan de paz en Ucrania.<\/p>\n<p style=\"text-align: justify\">la<\/p>\n","protected":false},"excerpt":{"rendered":"<p>Mosc\u00fa, 19 jul (SANA) El Ministerio de Relaciones Exteriores de Rusia desminti\u00f3 noticias sobre \u201cconversaciones secretas\u201d entre Rusia y Estados Unidos acerca de un acuerdo con Ucrania, y advirti\u00f3 que tales mentiras seguir\u00e1n circulando con el objetivo de \u201csembrar discordia y socavar la estabilidad de Rusia\u201d. Anteriormente, NBC inform\u00f3, citando a fuentes no identificadas, que &hellip;<\/p>\n","protected":false},"author":24,"featured_media":304182,"comment_status":"closed","ping_status":"closed","sticky":false,"template":"","format":"standard","meta":{"footnotes":""},"categories":[447,597,456,16687,448,7541],"tags":[7132,6695,20357,9117],"class_list":["post-304181","post","type-post","status-publish","format-standard","has-post-thumbnail","","category-local-politica","category-cinta-de-noticias","category-arabe-internacional-politica","category-internacionales","category-noticias","category-ultimas-noticias","tag-eeuu","tag-rusia","tag-ucrania","tag-zajarova"],"_links":{"self":[{"href":"https:\/\/archive.sana.sy\/es\/index.php?rest_route=\/wp\/v2\/posts\/304181"}],"collection":[{"href":"https:\/\/archive.sana.sy\/es\/index.php?rest_route=\/wp\/v2\/posts"}],"about":[{"href":"https:\/\/archive.sana.sy\/es\/index.php?rest_route=\/wp\/v2\/types\/post"}],"author":[{"embeddable":true,"href":"https:\/\/archive.sana.sy\/es\/index.php?rest_route=\/wp\/v2\/users\/24"}],"replies":[{"embeddable":true,"href":"https:\/\/archive.sana.sy\/es\/index.php?rest_route=%2Fwp%2Fv2%2Fcomments&post=304181"}],"version-history":[{"count":2,"href":"https:\/\/archive.sana.sy\/es\/index.php?rest_route=\/wp\/v2\/posts\/304181\/revisions"}],"predecessor-version":[{"id":304184,"href":"https:\/\/archive.sana.sy\/es\/index.php?rest_route=\/wp\/v2\/posts\/304181\/revisions\/304184"}],"wp:featuredmedia":[{"embeddable":true,"href":"https:\/\/archive.sana.sy\/es\/index.php?rest_route=\/wp\/v2\/media\/304182"}],"wp:attachment":[{"href":"https:\/\/archive.sana.sy\/es\/index.php?rest_route=%2Fwp%2Fv2%2Fmedia&parent=304181"}],"wp:term":[{"taxonomy":"category","embeddable":true,"href":"https:\/\/archive.sana.sy\/es\/index.php?rest_route=%2Fwp%2Fv2%2Fcategories&post=304181"},{"taxonomy":"post_tag","embeddable":true,"href":"https:\/\/archive.sana.sy\/es\/index.php?rest_route=%2Fwp%2Fv2%2Ftags&post=304181"}],"curies":[{"name":"wp","href":"https:\/\/api.w.org\/{rel}","templated":true}]}}