{"id":304186,"date":"2023-07-19T18:01:27","date_gmt":"2023-07-19T15:01:27","guid":{"rendered":"http:\/\/sana.sy\/es\/?p=304186"},"modified":"2023-07-19T18:04:39","modified_gmt":"2023-07-19T15:04:39","slug":"la-apertura-del-primer-centro-de-fabricacion-de-protesis-en-la-universidad-de-alepo","status":"publish","type":"post","link":"https:\/\/archive.sana.sy\/es\/?p=304186","title":{"rendered":"Con el apoyo de una asociaci\u00f3n italiana, inauguran primer centro de fabricaci\u00f3n de pr\u00f3tesis en la Universidad de Alepo"},"content":{"rendered":"<p style=\"text-align: justify;\"><span style=\"color: #800000;\"><strong>Alepo, 19 jul (SANA)\u00a0<\/strong><\/span> \u00a0La Universidad de Alepo inaugur\u00f3 hoy el Centro de Dise\u00f1o y Fabricaci\u00f3n de Pr\u00f3tesis\u00a0 en el Laboratorio de Sistemas Rob\u00f3ticos Inteligentes de la Facultad de Ingenier\u00eda El\u00e9ctrica y Electr\u00f3nica, cuyos equipamientos t\u00e9cnicos fueron proporcionados por la Asociaci\u00f3n Italiana especializada (AMAR).<\/p>\n<p style=\"text-align: justify;\">El rector de la Universidad de Alepo, Maher Karman, afirm\u00f3 en declaraciones a SANA que esta cooperaci\u00f3n contribuye a desarrollar los horizontes de los estudiantes y su especializaci\u00f3n t\u00e9cnica en la universidad, adem\u00e1s de ayudar a los heridos de guerra y brindarles los servicios necesarios de forma gratuita.<\/p>\n<p style=\"text-align: justify;\">Por su parte, el experto italiano Paolo Mazzola se\u00f1al\u00f3 que este proyecto es un paso importante para desarrollar las relaciones y profundizar la comunicaci\u00f3n entre la Universidad de Alepo e su pa\u00eds.<\/p>\n<p style=\"text-align: justify;\">El laboratorio incluye dos dispositivos para la fabricaci\u00f3n de pr\u00f3tesis mediante tecnolog\u00eda de impresi\u00f3n 3D.<\/p>\n<p><img loading=\"lazy\" decoding=\"async\" class=\"aligncenter wp-image-304195 size-full\" src=\"http:\/\/sana.sy\/es\/wp-content\/uploads\/2023\/07\/La-apertura-del-primer-centro-de-fabricacion-de-protesis-en-la-Universidad-de-Alepo-2.jpg\" alt=\"\" width=\"660\" height=\"439\" srcset=\"https:\/\/archive.sana.sy\/es\/wp-content\/uploads\/2023\/07\/La-apertura-del-primer-centro-de-fabricacion-de-protesis-en-la-Universidad-de-Alepo-2.jpg 660w, https:\/\/archive.sana.sy\/es\/wp-content\/uploads\/2023\/07\/La-apertura-del-primer-centro-de-fabricacion-de-protesis-en-la-Universidad-de-Alepo-2-300x200.jpg 300w, https:\/\/archive.sana.sy\/es\/wp-content\/uploads\/2023\/07\/La-apertura-del-primer-centro-de-fabricacion-de-protesis-en-la-Universidad-de-Alepo-2-150x100.jpg 150w, https:\/\/archive.sana.sy\/es\/wp-content\/uploads\/2023\/07\/La-apertura-del-primer-centro-de-fabricacion-de-protesis-en-la-Universidad-de-Alepo-2-310x205.jpg 310w\" sizes=\"(max-width: 660px) 100vw, 660px\" \/><\/p>\n<p style=\"text-align: justify;\">la\/sm<\/p>\n","protected":false},"excerpt":{"rendered":"<p>Alepo, 19 jul (SANA)\u00a0 \u00a0La Universidad de Alepo inaugur\u00f3 hoy el Centro de Dise\u00f1o y Fabricaci\u00f3n de Pr\u00f3tesis\u00a0 en el Laboratorio de Sistemas Rob\u00f3ticos Inteligentes de la Facultad de Ingenier\u00eda El\u00e9ctrica y Electr\u00f3nica, cuyos equipamientos t\u00e9cnicos fueron proporcionados por la Asociaci\u00f3n Italiana especializada (AMAR). El rector de la Universidad de Alepo, Maher Karman, afirm\u00f3 en &hellip;<\/p>\n","protected":false},"author":39,"featured_media":304194,"comment_status":"closed","ping_status":"closed","sticky":false,"template":"","format":"standard","meta":{"footnotes":""},"categories":[477,597,20724,7541],"tags":[],"class_list":["post-304186","post","type-post","status-publish","format-standard","has-post-thumbnail","","category-noticias-edulcorantes","category-cinta-de-noticias","category-minuto-a-minuto","category-ultimas-noticias"],"_links":{"self":[{"href":"https:\/\/archive.sana.sy\/es\/index.php?rest_route=\/wp\/v2\/posts\/304186"}],"collection":[{"href":"https:\/\/archive.sana.sy\/es\/index.php?rest_route=\/wp\/v2\/posts"}],"about":[{"href":"https:\/\/archive.sana.sy\/es\/index.php?rest_route=\/wp\/v2\/types\/post"}],"author":[{"embeddable":true,"href":"https:\/\/archive.sana.sy\/es\/index.php?rest_route=\/wp\/v2\/users\/39"}],"replies":[{"embeddable":true,"href":"https:\/\/archive.sana.sy\/es\/index.php?rest_route=%2Fwp%2Fv2%2Fcomments&post=304186"}],"version-history":[{"count":4,"href":"https:\/\/archive.sana.sy\/es\/index.php?rest_route=\/wp\/v2\/posts\/304186\/revisions"}],"predecessor-version":[{"id":304199,"href":"https:\/\/archive.sana.sy\/es\/index.php?rest_route=\/wp\/v2\/posts\/304186\/revisions\/304199"}],"wp:featuredmedia":[{"embeddable":true,"href":"https:\/\/archive.sana.sy\/es\/index.php?rest_route=\/wp\/v2\/media\/304194"}],"wp:attachment":[{"href":"https:\/\/archive.sana.sy\/es\/index.php?rest_route=%2Fwp%2Fv2%2Fmedia&parent=304186"}],"wp:term":[{"taxonomy":"category","embeddable":true,"href":"https:\/\/archive.sana.sy\/es\/index.php?rest_route=%2Fwp%2Fv2%2Fcategories&post=304186"},{"taxonomy":"post_tag","embeddable":true,"href":"https:\/\/archive.sana.sy\/es\/index.php?rest_route=%2Fwp%2Fv2%2Ftags&post=304186"}],"curies":[{"name":"wp","href":"https:\/\/api.w.org\/{rel}","templated":true}]}}