{"id":304188,"date":"2023-07-19T17:26:35","date_gmt":"2023-07-19T14:26:35","guid":{"rendered":"http:\/\/sana.sy\/es\/?p=304188"},"modified":"2023-07-19T17:33:06","modified_gmt":"2023-07-19T14:33:06","slug":"el-uso-de-agua-como-arma-de-guerra-es-un-crimen-de-lesa-humanidad-denuncia-siria","status":"publish","type":"post","link":"https:\/\/archive.sana.sy\/es\/?p=304188","title":{"rendered":"El uso de agua como arma de guerra es un crimen de lesa humanidad, denuncia Siria"},"content":{"rendered":"<p style=\"text-align: justify\"><strong><span style=\"color: #800000\">Damasco, 19 jul (SANA)<\/span> <\/strong>El Ministerio de Relaciones Exteriores y Expatriados expres\u00f3 este mi\u00e9rcoles la categ\u00f3rica condena de Siria al continuo corte de agua a m\u00e1s de un mill\u00f3n de sirios que viven en la ciudad nororiental de Hasakeh y sus cercan\u00edas.<\/p>\n<p style=\"text-align: justify\">En un comunicado, la Canciller\u00eda tild\u00f3 esta acci\u00f3n de \u201cun crimen de guerra, un crimen de lesa humanidad y una grave amenaza para la salud p\u00fablica\u201d, especialmente a la luz de los altas temperaturas sin precedentes que han sido registradas recientemente.<\/p>\n<p style=\"text-align: justify\">\u201cSiria denuncia en los t\u00e9rminos m\u00e1s en\u00e9rgicos el uso del agua como arma de guerra y herramienta para lograr fines pol\u00edticos\u201d, asever\u00f3.<\/p>\n<p style=\"text-align: justify\">Explic\u00f3 que la poblaci\u00f3n siria en la ciudad de Hasakeh sigue atrapada entre el ocupante turco y sus terroristas, y las fuerzas ocupantes de EEUU y sus milicias separatistas, que contin\u00faan cortando el agua potable a los residentes de esta urbe y todas las comunas que se extienden desde la planta de Alouk hacia una parte del campo este de la provincia.<\/p>\n<p style=\"text-align: justify\">\u201cSiria insta a las Naciones Unidas que tomen medidas inmediatas y efectivas para detener esta grave violaci\u00f3n del derecho internacional y de todos los convenios y normas internacionales, y para garantizar la reanudaci\u00f3n del bombeo de agua desde la planta de Alouk lo antes posible\u201d, enfatiz\u00f3.<\/p>\n<p style=\"text-align: justify\">Asimismo exigi\u00f3 permitir a los equipos t\u00e9cnicos de la Corporaci\u00f3n de Agua Potable y organismos internacionales ingresar a la estaci\u00f3n, para supervisar su trabajo y operatividad, lo cual garantizar\u00e1 el suministro del l\u00edquido vital a la poblaci\u00f3n de Hasakeh.<\/p>\n<p style=\"text-align: justify\">Al concluir el comunicado, Canciller\u00eda subray\u00f3 que poner fin a la presencia ilegal de las fuerzas estadounidenses y turcas sobre el territorio sirio, restablecer la soberan\u00eda del Estado y reanudar el trabajo de sus instituciones oficiales en el norte, noreste y noroeste son la \u00fanica forma para terminar con el sufrimiento de los sirios en dicha regi\u00f3n, restaurar la estabilidad en la regi\u00f3n y mejorar las condiciones humanitarias y de vida en la misma.<\/p>\n<p style=\"text-align: justify\">la<\/p>\n","protected":false},"excerpt":{"rendered":"<p>Damasco, 19 jul (SANA) El Ministerio de Relaciones Exteriores y Expatriados expres\u00f3 este mi\u00e9rcoles la categ\u00f3rica condena de Siria al continuo corte de agua a m\u00e1s de un mill\u00f3n de sirios que viven en la ciudad nororiental de Hasakeh y sus cercan\u00edas. En un comunicado, la Canciller\u00eda tild\u00f3 esta acci\u00f3n de \u201cun crimen de guerra, &hellip;<\/p>\n","protected":false},"author":24,"featured_media":304191,"comment_status":"closed","ping_status":"closed","sticky":false,"template":"","format":"standard","meta":{"footnotes":""},"categories":[447,597,20724,476,448,583,7541],"tags":[20136,11687,22283,16841,6553],"class_list":["post-304188","post","type-post","status-publish","format-standard","has-post-thumbnail","","category-local-politica","category-cinta-de-noticias","category-minuto-a-minuto","category-locales","category-noticias","category-slide","category-ultimas-noticias","tag-alouk","tag-cancilleria","tag-corte-de-agua","tag-hasakeh","tag-siria"],"_links":{"self":[{"href":"https:\/\/archive.sana.sy\/es\/index.php?rest_route=\/wp\/v2\/posts\/304188"}],"collection":[{"href":"https:\/\/archive.sana.sy\/es\/index.php?rest_route=\/wp\/v2\/posts"}],"about":[{"href":"https:\/\/archive.sana.sy\/es\/index.php?rest_route=\/wp\/v2\/types\/post"}],"author":[{"embeddable":true,"href":"https:\/\/archive.sana.sy\/es\/index.php?rest_route=\/wp\/v2\/users\/24"}],"replies":[{"embeddable":true,"href":"https:\/\/archive.sana.sy\/es\/index.php?rest_route=%2Fwp%2Fv2%2Fcomments&post=304188"}],"version-history":[{"count":3,"href":"https:\/\/archive.sana.sy\/es\/index.php?rest_route=\/wp\/v2\/posts\/304188\/revisions"}],"predecessor-version":[{"id":304193,"href":"https:\/\/archive.sana.sy\/es\/index.php?rest_route=\/wp\/v2\/posts\/304188\/revisions\/304193"}],"wp:featuredmedia":[{"embeddable":true,"href":"https:\/\/archive.sana.sy\/es\/index.php?rest_route=\/wp\/v2\/media\/304191"}],"wp:attachment":[{"href":"https:\/\/archive.sana.sy\/es\/index.php?rest_route=%2Fwp%2Fv2%2Fmedia&parent=304188"}],"wp:term":[{"taxonomy":"category","embeddable":true,"href":"https:\/\/archive.sana.sy\/es\/index.php?rest_route=%2Fwp%2Fv2%2Fcategories&post=304188"},{"taxonomy":"post_tag","embeddable":true,"href":"https:\/\/archive.sana.sy\/es\/index.php?rest_route=%2Fwp%2Fv2%2Ftags&post=304188"}],"curies":[{"name":"wp","href":"https:\/\/api.w.org\/{rel}","templated":true}]}}