{"id":304234,"date":"2023-07-20T10:23:16","date_gmt":"2023-07-20T07:23:16","guid":{"rendered":"http:\/\/sana.sy\/es\/?p=304234"},"modified":"2023-07-20T10:23:16","modified_gmt":"2023-07-20T07:23:16","slug":"rusia-advierte-que-considerara-militares-a-los-barcos-que-naveguen-hacia-ucrania","status":"publish","type":"post","link":"https:\/\/archive.sana.sy\/es\/?p=304234","title":{"rendered":"Rusia advierte que considerar\u00e1 militares a los barcos que naveguen hacia Ucrania"},"content":{"rendered":"<blockquote><p><span style=\"color: #993300;\">En virtud de esta medida, los pa\u00edses cuyas banderas ondeen en los barcos que se dirijan a puertos ucranianos ser\u00e1n considerados como parte del conflicto ucraniano, del lado del gobierno de Kiev, seg\u00fan el comunicado emitido por el ente castrense.<\/span><\/p><\/blockquote>\n<p style=\"text-align: justify;\"><span style=\"color: #993300;\"><strong>Mosc\u00fa, 20 jul (SANA)<\/strong><\/span> El Ministerio de Defensa de Rusia anunci\u00f3, citado por Prensa Latina, que considerar\u00e1 a todos los barcos que se dirijan a puertos ucranianos en el Mar Negro como portadores potenciales de carga militar, debido a la culminaci\u00f3n del acuerdo del grano y la liquidaci\u00f3n del corredor humanitario mar\u00edtimo.<\/p>\n<p style=\"text-align: justify;\">En virtud de esta medida, los pa\u00edses cuyas banderas ondeen en los barcos que se dirijan a puertos ucranianos ser\u00e1n considerados como parte del conflicto ucraniano, del lado del gobierno de Kiev, seg\u00fan el comunicado emitido por el ente castrense.<\/p>\n<p style=\"text-align: justify;\">El Ministerio de Defensa ha declarado temporalmente peligrosas para la navegaci\u00f3n las zonas al noroeste y sureste del Mar Negro.<\/p>\n<p style=\"text-align: justify;\">Los avisos correspondientes sobre la revocaci\u00f3n de las garant\u00edas de seguridad a los navegantes ya han sido publicados siguiendo el procedimiento establecido.<\/p>\n<p style=\"text-align: justify;\"><em><strong>ah<\/strong><\/em><\/p>\n","protected":false},"excerpt":{"rendered":"<p>En virtud de esta medida, los pa\u00edses cuyas banderas ondeen en los barcos que se dirijan a puertos ucranianos ser\u00e1n considerados como parte del conflicto ucraniano, del lado del gobierno de Kiev, seg\u00fan el comunicado emitido por el ente castrense. Mosc\u00fa, 20 jul (SANA) El Ministerio de Defensa de Rusia anunci\u00f3, citado por Prensa Latina, &hellip;<\/p>\n","protected":false},"author":30,"featured_media":304235,"comment_status":"closed","ping_status":"closed","sticky":false,"template":"","format":"standard","meta":{"footnotes":""},"categories":[456,16687,20724],"tags":[],"class_list":["post-304234","post","type-post","status-publish","format-standard","has-post-thumbnail","","category-arabe-internacional-politica","category-internacionales","category-minuto-a-minuto"],"_links":{"self":[{"href":"https:\/\/archive.sana.sy\/es\/index.php?rest_route=\/wp\/v2\/posts\/304234"}],"collection":[{"href":"https:\/\/archive.sana.sy\/es\/index.php?rest_route=\/wp\/v2\/posts"}],"about":[{"href":"https:\/\/archive.sana.sy\/es\/index.php?rest_route=\/wp\/v2\/types\/post"}],"author":[{"embeddable":true,"href":"https:\/\/archive.sana.sy\/es\/index.php?rest_route=\/wp\/v2\/users\/30"}],"replies":[{"embeddable":true,"href":"https:\/\/archive.sana.sy\/es\/index.php?rest_route=%2Fwp%2Fv2%2Fcomments&post=304234"}],"version-history":[{"count":1,"href":"https:\/\/archive.sana.sy\/es\/index.php?rest_route=\/wp\/v2\/posts\/304234\/revisions"}],"predecessor-version":[{"id":304236,"href":"https:\/\/archive.sana.sy\/es\/index.php?rest_route=\/wp\/v2\/posts\/304234\/revisions\/304236"}],"wp:featuredmedia":[{"embeddable":true,"href":"https:\/\/archive.sana.sy\/es\/index.php?rest_route=\/wp\/v2\/media\/304235"}],"wp:attachment":[{"href":"https:\/\/archive.sana.sy\/es\/index.php?rest_route=%2Fwp%2Fv2%2Fmedia&parent=304234"}],"wp:term":[{"taxonomy":"category","embeddable":true,"href":"https:\/\/archive.sana.sy\/es\/index.php?rest_route=%2Fwp%2Fv2%2Fcategories&post=304234"},{"taxonomy":"post_tag","embeddable":true,"href":"https:\/\/archive.sana.sy\/es\/index.php?rest_route=%2Fwp%2Fv2%2Ftags&post=304234"}],"curies":[{"name":"wp","href":"https:\/\/api.w.org\/{rel}","templated":true}]}}