{"id":304271,"date":"2023-07-20T15:21:43","date_gmt":"2023-07-20T12:21:43","guid":{"rendered":"http:\/\/sana.sy\/es\/?p=304271"},"modified":"2023-07-20T15:21:43","modified_gmt":"2023-07-20T12:21:43","slug":"iraq-notifica-a-suecia-que-rompera-relaciones-si-se-repite-la-quema-del-sagrado-coran","status":"publish","type":"post","link":"https:\/\/archive.sana.sy\/es\/?p=304271","title":{"rendered":"Iraq notifica a Suecia que romper\u00e1 relaciones si se repite la quema del Sagrado Cor\u00e1n"},"content":{"rendered":"<p style=\"text-align: justify;\">Bagdad, 20 jul (SANA)\u00a0\u00a0 El gobierno iraqu\u00ed inform\u00f3 hoy al gobierno sueco que romper\u00e1 las relaciones diplom\u00e1ticas en caso que se repita el incidente de profanar el Sagrado Cor\u00e1n.<\/p>\n<p style=\"text-align: justify;\">El gobierno iraqu\u00ed confirm\u00f3 en un comunicado emitido tras una reuni\u00f3n de emergencia presidida por el primer ministro Muhammad Shia al-Sudani, que tales acciones provocativas ofenden los convenios y normas internacionales, que estipulan el respeto a las religiones y creencias, y tambi\u00e9n constituyen una amenaza para paz e incitan a la cultura de violencia y odio.<\/p>\n<p style=\"text-align: justify;\">Durante la reuni\u00f3n, el Gobierno conden\u00f3 el asalto a la embajada sueca en Bagdad, y reafirm\u00f3 su compromiso con la seguridad y protecci\u00f3n de todas las misiones diplom\u00e1ticas, y con hacer frente a cualquier ataque contra ellas.<\/p>\n<p style=\"text-align: justify;\">fm<\/p>\n","protected":false},"excerpt":{"rendered":"<p>Bagdad, 20 jul (SANA)\u00a0\u00a0 El gobierno iraqu\u00ed inform\u00f3 hoy al gobierno sueco que romper\u00e1 las relaciones diplom\u00e1ticas en caso que se repita el incidente de profanar el Sagrado Cor\u00e1n. El gobierno iraqu\u00ed confirm\u00f3 en un comunicado emitido tras una reuni\u00f3n de emergencia presidida por el primer ministro Muhammad Shia al-Sudani, que tales acciones provocativas ofenden &hellip;<\/p>\n","protected":false},"author":34,"featured_media":304272,"comment_status":"closed","ping_status":"closed","sticky":false,"template":"","format":"standard","meta":{"footnotes":""},"categories":[597,456,20724,7541],"tags":[],"class_list":["post-304271","post","type-post","status-publish","format-standard","has-post-thumbnail","","category-cinta-de-noticias","category-arabe-internacional-politica","category-minuto-a-minuto","category-ultimas-noticias"],"_links":{"self":[{"href":"https:\/\/archive.sana.sy\/es\/index.php?rest_route=\/wp\/v2\/posts\/304271"}],"collection":[{"href":"https:\/\/archive.sana.sy\/es\/index.php?rest_route=\/wp\/v2\/posts"}],"about":[{"href":"https:\/\/archive.sana.sy\/es\/index.php?rest_route=\/wp\/v2\/types\/post"}],"author":[{"embeddable":true,"href":"https:\/\/archive.sana.sy\/es\/index.php?rest_route=\/wp\/v2\/users\/34"}],"replies":[{"embeddable":true,"href":"https:\/\/archive.sana.sy\/es\/index.php?rest_route=%2Fwp%2Fv2%2Fcomments&post=304271"}],"version-history":[{"count":1,"href":"https:\/\/archive.sana.sy\/es\/index.php?rest_route=\/wp\/v2\/posts\/304271\/revisions"}],"predecessor-version":[{"id":304273,"href":"https:\/\/archive.sana.sy\/es\/index.php?rest_route=\/wp\/v2\/posts\/304271\/revisions\/304273"}],"wp:featuredmedia":[{"embeddable":true,"href":"https:\/\/archive.sana.sy\/es\/index.php?rest_route=\/wp\/v2\/media\/304272"}],"wp:attachment":[{"href":"https:\/\/archive.sana.sy\/es\/index.php?rest_route=%2Fwp%2Fv2%2Fmedia&parent=304271"}],"wp:term":[{"taxonomy":"category","embeddable":true,"href":"https:\/\/archive.sana.sy\/es\/index.php?rest_route=%2Fwp%2Fv2%2Fcategories&post=304271"},{"taxonomy":"post_tag","embeddable":true,"href":"https:\/\/archive.sana.sy\/es\/index.php?rest_route=%2Fwp%2Fv2%2Ftags&post=304271"}],"curies":[{"name":"wp","href":"https:\/\/api.w.org\/{rel}","templated":true}]}}