{"id":304344,"date":"2023-07-21T11:54:05","date_gmt":"2023-07-21T08:54:05","guid":{"rendered":"http:\/\/sana.sy\/es\/?p=304344"},"modified":"2023-07-21T11:56:17","modified_gmt":"2023-07-21T08:56:17","slug":"regreso-inminente-de-la-derecha-al-poder-en-espana","status":"publish","type":"post","link":"https:\/\/archive.sana.sy\/es\/?p=304344","title":{"rendered":"Regreso inminente al poder de la derecha en Espa\u00f1a"},"content":{"rendered":"<blockquote>\n<p style=\"text-align: justify;\"><span style=\"color: #993300;\">Intercambio de acusaciones, lonas gigantes colocadas en Madrid y otras ciudades de Espa\u00f1a y tonos muy subidos con foco en los votantes, agriaron la campa\u00f1a hasta niveles ins\u00f3litos, desliz\u00e1ndose con frecuencia las medias verdades o datos falsos para desbarrar del contrario.<\/span><\/p>\n<\/blockquote>\n<p style=\"text-align: justify;\"><span style=\"color: #800000;\"><strong>Damasco, 21 jul (SANA)<\/strong><\/span> Salvo imponderables de \u00faltimo momento o una suerte de milagro que revierta la tendencia, la derecha regresar\u00e1 al poder en Espa\u00f1a en las elecciones del pr\u00f3ximo domingo.<\/p>\n<p style=\"text-align: justify;\">Parece un hecho que el conservador Partido Popular (PP) retomar\u00e1 las riendas del Palacio de la Moncloa y la \u00fanica duda es el c\u00f3mo. Tendr\u00eda que conseguir mayor\u00eda absoluta parlamentaria (176 esca\u00f1os) para instalarse en solitario en el Gobierno.<\/p>\n<p style=\"text-align: justify;\">Sin embargo, en lo que tambi\u00e9n coinciden las encuestas y los analistas pol\u00edticos, que el PP deber\u00e1 en \u00faltima instancia pactar con la ultraderecha de Vox, un partido negacionista del cambio clim\u00e1tico, la violencia de g\u00e9nero y hasta de la agenda 2030 de Naciones Unidas.<\/p>\n<p style=\"text-align: justify;\">Inc\u00f3modo socio que ya comparte administraciones en las Comunidades de Valencia, muy recientemente, y Castilla y Le\u00f3n, y que adem\u00e1s quiere volar en pedazos la Ley de Memoria Democr\u00e1tica desconociendo las atrocidades del franquismo, desconoce los anhelos de independencia de algunas regiones y fustiga la inmigraci\u00f3n ilegal.<\/p>\n<p style=\"text-align: justify;\">Alberto N\u00fa\u00f1ez Feij\u00f3o, pol\u00edtico gallego de larga trayectoria, es a priori la figura que se proyecta como futuro presidente del Gobierno, si, como auguran los sondeos, el socialista Pedro S\u00e1nchez cae derrotado y tampoco Yolanda D\u00edaz, l\u00edder del movimiento Sumar de izquierdas logra un \u00e9xito contundente.<\/p>\n<p style=\"text-align: justify;\">En unas horas se dar\u00e1 el \u00faltimo debate televisivo, a tres, S\u00e1nchez, D\u00edaz y el mandam\u00e1s de Vox, Santiago Abascal. Algunos analistas se\u00f1alan que la ausencia por decisi\u00f3n propia de Feij\u00f3o, puede servir de algo a los dem\u00e1s.<\/p>\n<p style=\"text-align: justify;\">Otros, por el contrario, valoran el encuentro en TVE como un \u00faltimo cartuchazo que puede quedar en el vac\u00edo, porque a priori la suerte est\u00e1 echada.<\/p>\n<p style=\"text-align: justify;\">Los buenos datos de la inflaci\u00f3n difundidos este mi\u00e9rcoles tampoco aportan demasiado. Espa\u00f1a es el segundo pa\u00eds de la zona euro con menor costo de vida, detr\u00e1s de Alemania, pero los votantes no parecen seducidos por las estad\u00edsticas.<\/p>\n<p style=\"text-align: justify;\">A esta hora, los espa\u00f1oles, soportando intensas olas de calor y en pleno verano, tienen la mirada en las playas y en lugares de descanso, con la pol\u00edtica en segundo plano.<\/p>\n<p style=\"text-align: justify;\">De todas formas, la batalla campal se desarrolla en ciudades y municipios espa\u00f1oles en la pugna por conquistar el poder que marcar\u00e1 los derroteros del pa\u00eds ib\u00e9rico en los pr\u00f3ximos cuatro a\u00f1os, sin l\u00edmites de mandatos.<\/p>\n<p style=\"text-align: justify;\">El 23 de julio, Espa\u00f1a elegir\u00e1 a trav\u00e9s de los esca\u00f1os parlamentarios un nuevo gobierno o la continuidad del actual.<\/p>\n<p style=\"text-align: justify;\">Intercambio de acusaciones, lonas gigantes colocadas en Madrid y otras ciudades de Espa\u00f1a y tonos muy subidos con foco en los votantes, agriaron la campa\u00f1a hasta niveles ins\u00f3litos, desliz\u00e1ndose con frecuencia las medias verdades o datos falsos para desbarrar del contrario.<\/p>\n<p style=\"text-align: justify;\"><span style=\"color: #0000ff;\">Por Fausto Triana &#8211; Prensa Latina<\/span><\/p>\n","protected":false},"excerpt":{"rendered":"<p>Intercambio de acusaciones, lonas gigantes colocadas en Madrid y otras ciudades de Espa\u00f1a y tonos muy subidos con foco en los votantes, agriaron la campa\u00f1a hasta niveles ins\u00f3litos, desliz\u00e1ndose con frecuencia las medias verdades o datos falsos para desbarrar del contrario. Damasco, 21 jul (SANA) Salvo imponderables de \u00faltimo momento o una suerte de milagro &hellip;<\/p>\n","protected":false},"author":30,"featured_media":304345,"comment_status":"closed","ping_status":"closed","sticky":false,"template":"","format":"standard","meta":{"footnotes":""},"categories":[456,16687,20724],"tags":[],"class_list":["post-304344","post","type-post","status-publish","format-standard","has-post-thumbnail","","category-arabe-internacional-politica","category-internacionales","category-minuto-a-minuto"],"_links":{"self":[{"href":"https:\/\/archive.sana.sy\/es\/index.php?rest_route=\/wp\/v2\/posts\/304344"}],"collection":[{"href":"https:\/\/archive.sana.sy\/es\/index.php?rest_route=\/wp\/v2\/posts"}],"about":[{"href":"https:\/\/archive.sana.sy\/es\/index.php?rest_route=\/wp\/v2\/types\/post"}],"author":[{"embeddable":true,"href":"https:\/\/archive.sana.sy\/es\/index.php?rest_route=\/wp\/v2\/users\/30"}],"replies":[{"embeddable":true,"href":"https:\/\/archive.sana.sy\/es\/index.php?rest_route=%2Fwp%2Fv2%2Fcomments&post=304344"}],"version-history":[{"count":2,"href":"https:\/\/archive.sana.sy\/es\/index.php?rest_route=\/wp\/v2\/posts\/304344\/revisions"}],"predecessor-version":[{"id":304347,"href":"https:\/\/archive.sana.sy\/es\/index.php?rest_route=\/wp\/v2\/posts\/304344\/revisions\/304347"}],"wp:featuredmedia":[{"embeddable":true,"href":"https:\/\/archive.sana.sy\/es\/index.php?rest_route=\/wp\/v2\/media\/304345"}],"wp:attachment":[{"href":"https:\/\/archive.sana.sy\/es\/index.php?rest_route=%2Fwp%2Fv2%2Fmedia&parent=304344"}],"wp:term":[{"taxonomy":"category","embeddable":true,"href":"https:\/\/archive.sana.sy\/es\/index.php?rest_route=%2Fwp%2Fv2%2Fcategories&post=304344"},{"taxonomy":"post_tag","embeddable":true,"href":"https:\/\/archive.sana.sy\/es\/index.php?rest_route=%2Fwp%2Fv2%2Ftags&post=304344"}],"curies":[{"name":"wp","href":"https:\/\/api.w.org\/{rel}","templated":true}]}}