{"id":30440,"date":"2015-09-24T18:32:33","date_gmt":"2015-09-24T15:32:33","guid":{"rendered":"http:\/\/sana.sy\/es\/?p=30440"},"modified":"2015-09-26T13:22:25","modified_gmt":"2015-09-26T10:22:25","slug":"presidente-al-assad-efectua-el-rezo-de-eid-al-adha-2","status":"publish","type":"post","link":"https:\/\/archive.sana.sy\/es\/?p=30440","title":{"rendered":"Presidente al-Assad efect\u00faa el rezo de Eid al-Adha"},"content":{"rendered":"<p><span style=\"color: #800000\">Damasco, SANA<\/span><\/p>\n<p>El presidente Bashar al-Assad, efectu\u00f3 el rezo de Eid al-Adha en la mezquita Adel en la capital Damasco.<\/p>\n<p>Junto al presidente, efectuaron el rezo, las m\u00e1ximas autoridades del Partido y del Estado, varios parlamentarios, el ministro de Awqaf y el Gran Muft\u00ed de la Rep\u00fablica, adem\u00e1s de ulemas musulmanes y una multitud de ciudadanos.<\/p>\n<p>El im\u00e1n del rezo dijo en su ser\u00f3n del Eid, que Occidente y sus lacayos decidieron hacer de Siria un campo de batalla para la ejecuci\u00f3n de sus agendas, y enviaron sus herramientas para destruir al pa\u00eds y matar a los hombres, a las mujeres y a los ni\u00f1os.<\/p>\n<p>Al final del serm\u00f3n, el predicador or\u00f3 para que Dios Todopoderoso devuelva la seguridad y la estabilidad a la patria.<\/p>\n<div id='gallery-1' class='gallery galleryid-30440 gallery-columns-3 gallery-size-thumbnail'><figure class='gallery-item'>\n\t\t\t<div class='gallery-icon landscape'>\n\t\t\t\t<a href='https:\/\/archive.sana.sy\/es\/wp-content\/uploads\/2015\/09\/rezo-presidente-4.jpg'><img loading=\"lazy\" decoding=\"async\" width=\"150\" height=\"80\" src=\"https:\/\/archive.sana.sy\/es\/wp-content\/uploads\/2015\/09\/rezo-presidente-4-150x80.jpg\" class=\"attachment-thumbnail size-thumbnail\" alt=\"\" srcset=\"https:\/\/archive.sana.sy\/es\/wp-content\/uploads\/2015\/09\/rezo-presidente-4-150x80.jpg 150w, https:\/\/archive.sana.sy\/es\/wp-content\/uploads\/2015\/09\/rezo-presidente-4-300x160.jpg 300w, https:\/\/archive.sana.sy\/es\/wp-content\/uploads\/2015\/09\/rezo-presidente-4.jpg 600w\" sizes=\"(max-width: 150px) 100vw, 150px\" \/><\/a>\n\t\t\t<\/div><\/figure><figure class='gallery-item'>\n\t\t\t<div class='gallery-icon landscape'>\n\t\t\t\t<a href='https:\/\/archive.sana.sy\/es\/wp-content\/uploads\/2015\/09\/Rezo-presidente-1.jpg'><img loading=\"lazy\" decoding=\"async\" width=\"150\" height=\"80\" src=\"https:\/\/archive.sana.sy\/es\/wp-content\/uploads\/2015\/09\/Rezo-presidente-1-150x80.jpg\" class=\"attachment-thumbnail size-thumbnail\" alt=\"\" srcset=\"https:\/\/archive.sana.sy\/es\/wp-content\/uploads\/2015\/09\/Rezo-presidente-1-150x80.jpg 150w, https:\/\/archive.sana.sy\/es\/wp-content\/uploads\/2015\/09\/Rezo-presidente-1-300x160.jpg 300w, https:\/\/archive.sana.sy\/es\/wp-content\/uploads\/2015\/09\/Rezo-presidente-1.jpg 600w\" sizes=\"(max-width: 150px) 100vw, 150px\" \/><\/a>\n\t\t\t<\/div><\/figure><figure class='gallery-item'>\n\t\t\t<div class='gallery-icon landscape'>\n\t\t\t\t<a href='https:\/\/archive.sana.sy\/es\/wp-content\/uploads\/2015\/09\/rezo-presidente-31.jpg'><img loading=\"lazy\" decoding=\"async\" width=\"150\" height=\"80\" src=\"https:\/\/archive.sana.sy\/es\/wp-content\/uploads\/2015\/09\/rezo-presidente-31-150x80.jpg\" class=\"attachment-thumbnail size-thumbnail\" alt=\"\" srcset=\"https:\/\/archive.sana.sy\/es\/wp-content\/uploads\/2015\/09\/rezo-presidente-31-150x80.jpg 150w, https:\/\/archive.sana.sy\/es\/wp-content\/uploads\/2015\/09\/rezo-presidente-31-300x160.jpg 300w, https:\/\/archive.sana.sy\/es\/wp-content\/uploads\/2015\/09\/rezo-presidente-31.jpg 600w\" sizes=\"(max-width: 150px) 100vw, 150px\" \/><\/a>\n\t\t\t<\/div><\/figure><figure class='gallery-item'>\n\t\t\t<div class='gallery-icon landscape'>\n\t\t\t\t<a href='https:\/\/archive.sana.sy\/es\/wp-content\/uploads\/2015\/09\/rezo-presidente-2.jpg'><img loading=\"lazy\" decoding=\"async\" width=\"150\" height=\"80\" src=\"https:\/\/archive.sana.sy\/es\/wp-content\/uploads\/2015\/09\/rezo-presidente-2-150x80.jpg\" class=\"attachment-thumbnail size-thumbnail\" alt=\"\" srcset=\"https:\/\/archive.sana.sy\/es\/wp-content\/uploads\/2015\/09\/rezo-presidente-2-150x80.jpg 150w, https:\/\/archive.sana.sy\/es\/wp-content\/uploads\/2015\/09\/rezo-presidente-2-300x160.jpg 300w, https:\/\/archive.sana.sy\/es\/wp-content\/uploads\/2015\/09\/rezo-presidente-2.jpg 600w\" sizes=\"(max-width: 150px) 100vw, 150px\" \/><\/a>\n\t\t\t<\/div><\/figure>\n\t\t<\/div>\n\n<p>En el mismo contexto, el presidente al-Assad felicit\u00f3 al pueblo sirio por la fiesta de al-Adha.<\/p>\n<p>En declaraciones concedidas a la prensa, el mandatario sirio dijo :\u201cfelicito a cada sirio que hace frente a la voluntad de asesinar y destruir\u00a0con la voluntad de vivir, sobrevivir, trabajar y producir&#8230;.\u201d.<\/p>\n<p>Asimismo, el presidente al-Assad dirigi\u00f3 una felicitaci\u00f3n especial a los soldados sirios que se encaran al terrorismo.<br \/>\nhttps:\/\/youtu.be\/zbNYSrYOvws<\/p>\n<p>&nbsp;<\/p>\n<p><span style=\"color: #00ccff\">Fady M., Hala B., Lynn A.<\/span><\/p>\n","protected":false},"excerpt":{"rendered":"<p>Damasco, SANA El presidente Bashar al-Assad, efectu\u00f3 el rezo de Eid al-Adha en la mezquita Adel en la capital Damasco. Junto al presidente, efectuaron el rezo, las m\u00e1ximas autoridades del Partido y del Estado, varios parlamentarios, el ministro de Awqaf y el Gran Muft\u00ed de la Rep\u00fablica, adem\u00e1s de ulemas musulmanes y una multitud de &hellip;<\/p>\n","protected":false},"author":1,"featured_media":30503,"comment_status":"closed","ping_status":"closed","sticky":false,"template":"","format":"standard","meta":{"footnotes":""},"categories":[477,476,626],"tags":[2328],"class_list":["post-30440","post","type-post","status-publish","format-standard","has-post-thumbnail","","category-noticias-edulcorantes","category-locales","category-sr-presidente","tag-presidente-al-assad-efectua-el-rezo-de-eid-al-adha"],"_links":{"self":[{"href":"https:\/\/archive.sana.sy\/es\/index.php?rest_route=\/wp\/v2\/posts\/30440"}],"collection":[{"href":"https:\/\/archive.sana.sy\/es\/index.php?rest_route=\/wp\/v2\/posts"}],"about":[{"href":"https:\/\/archive.sana.sy\/es\/index.php?rest_route=\/wp\/v2\/types\/post"}],"author":[{"embeddable":true,"href":"https:\/\/archive.sana.sy\/es\/index.php?rest_route=\/wp\/v2\/users\/1"}],"replies":[{"embeddable":true,"href":"https:\/\/archive.sana.sy\/es\/index.php?rest_route=%2Fwp%2Fv2%2Fcomments&post=30440"}],"version-history":[{"count":0,"href":"https:\/\/archive.sana.sy\/es\/index.php?rest_route=\/wp\/v2\/posts\/30440\/revisions"}],"wp:featuredmedia":[{"embeddable":true,"href":"https:\/\/archive.sana.sy\/es\/index.php?rest_route=\/wp\/v2\/media\/30503"}],"wp:attachment":[{"href":"https:\/\/archive.sana.sy\/es\/index.php?rest_route=%2Fwp%2Fv2%2Fmedia&parent=30440"}],"wp:term":[{"taxonomy":"category","embeddable":true,"href":"https:\/\/archive.sana.sy\/es\/index.php?rest_route=%2Fwp%2Fv2%2Fcategories&post=30440"},{"taxonomy":"post_tag","embeddable":true,"href":"https:\/\/archive.sana.sy\/es\/index.php?rest_route=%2Fwp%2Fv2%2Ftags&post=30440"}],"curies":[{"name":"wp","href":"https:\/\/api.w.org\/{rel}","templated":true}]}}