{"id":304401,"date":"2023-07-22T10:28:41","date_gmt":"2023-07-22T07:28:41","guid":{"rendered":"http:\/\/sana.sy\/es\/?p=304401"},"modified":"2023-07-22T10:28:41","modified_gmt":"2023-07-22T07:28:41","slug":"incendio-en-hospital-siquiatrico-en-damasco-causa-un-muerto-y-24-heridos","status":"publish","type":"post","link":"https:\/\/archive.sana.sy\/es\/?p=304401","title":{"rendered":"Incendio en hospital siqui\u00e1trico en Damasco causa un muerto y 24 heridos"},"content":{"rendered":"<blockquote>\n<p style=\"text-align: justify;\"><span style=\"color: #800000;\">Alrededor de las 2:30 am, se desat\u00f3 un incendio en una habitaci\u00f3n en el Hospital Averroes para Enfermedades Psiqui\u00e1tricas en Damasco, donde los equipos del hospital, los servicios de emergencia y los cuerpos de bomberos y defensa civil, acudieron al lugar y lograron extinguir el fuego y evitar su propagaci\u00f3n a \u00e1reas adyacentes, inform\u00f3 el Ministerio de Salud por medio de un comunicado.<\/span><\/p>\n<\/blockquote>\n<p style=\"text-align: justify;\">Damasco, 22 jul (SANA) Un incendio ocurrido dentro del Hospital Siqui\u00e1trico \u201cAverroes\u201d en Damasco caus\u00f3 la muerte de una persona y lesionadas a otras 24.<\/p>\n<p style=\"text-align: justify;\">Alrededor de las 2:30 am, se desat\u00f3 un incendio en una habitaci\u00f3n en el Hospital Averroes para Enfermedades Psiqui\u00e1tricas en Damasco, donde los equipos del hospital, los servicios de emergencia y los cuerpos de bomberos y defensa civil, acudieron al lugar y lograron extinguir el fuego y evitar su propagaci\u00f3n a \u00e1reas adyacentes, inform\u00f3 el Ministerio de Salud por medio de un comunicado.<\/p>\n<p style=\"text-align: justify;\">El incendio, seg\u00fan asegura el ente, provoc\u00f3 la muerte de una persona y dej\u00f3 a 24 personas heridas, todas fueron trasladadas a otro hospital para recibir el tratamiento necesario.<\/p>\n<p style=\"text-align: justify;\">Se est\u00e1 investigando las causas del incendio, agreg\u00f3 el comunicado.<\/p>\n<p style=\"text-align: justify;\">Asimismo, el Ministerio de Salud asegur\u00f3 que los dem\u00e1s pacientes del hospital y sus acompa\u00f1antes est\u00e1n en buen estado de salud y recibieron todos los servicios salvavidas en el lugar y durante su traslado seguro en ambulancias.<\/p>\n<p style=\"text-align: justify;\">El ministro de Salud, Hasan Al-Ghabbash, supervis\u00f3 personalmente la atenci\u00f3n m\u00e9dica a las personas heridas que fueron trasladadas a otro hospital, acompa\u00f1ado por varios directores del Ministerio.<\/p>\n<p style=\"text-align: justify;\"><em><strong>ah\/fm<\/strong><\/em><\/p>\n","protected":false},"excerpt":{"rendered":"<p>Alrededor de las 2:30 am, se desat\u00f3 un incendio en una habitaci\u00f3n en el Hospital Averroes para Enfermedades Psiqui\u00e1tricas en Damasco, donde los equipos del hospital, los servicios de emergencia y los cuerpos de bomberos y defensa civil, acudieron al lugar y lograron extinguir el fuego y evitar su propagaci\u00f3n a \u00e1reas adyacentes, inform\u00f3 el &hellip;<\/p>\n","protected":false},"author":30,"featured_media":304402,"comment_status":"closed","ping_status":"closed","sticky":false,"template":"","format":"standard","meta":{"footnotes":""},"categories":[597,20724,476,457,583],"tags":[],"class_list":["post-304401","post","type-post","status-publish","format-standard","has-post-thumbnail","","category-cinta-de-noticias","category-minuto-a-minuto","category-locales","category-noticias-arabe-internacional-politica","category-slide"],"_links":{"self":[{"href":"https:\/\/archive.sana.sy\/es\/index.php?rest_route=\/wp\/v2\/posts\/304401"}],"collection":[{"href":"https:\/\/archive.sana.sy\/es\/index.php?rest_route=\/wp\/v2\/posts"}],"about":[{"href":"https:\/\/archive.sana.sy\/es\/index.php?rest_route=\/wp\/v2\/types\/post"}],"author":[{"embeddable":true,"href":"https:\/\/archive.sana.sy\/es\/index.php?rest_route=\/wp\/v2\/users\/30"}],"replies":[{"embeddable":true,"href":"https:\/\/archive.sana.sy\/es\/index.php?rest_route=%2Fwp%2Fv2%2Fcomments&post=304401"}],"version-history":[{"count":1,"href":"https:\/\/archive.sana.sy\/es\/index.php?rest_route=\/wp\/v2\/posts\/304401\/revisions"}],"predecessor-version":[{"id":304403,"href":"https:\/\/archive.sana.sy\/es\/index.php?rest_route=\/wp\/v2\/posts\/304401\/revisions\/304403"}],"wp:featuredmedia":[{"embeddable":true,"href":"https:\/\/archive.sana.sy\/es\/index.php?rest_route=\/wp\/v2\/media\/304402"}],"wp:attachment":[{"href":"https:\/\/archive.sana.sy\/es\/index.php?rest_route=%2Fwp%2Fv2%2Fmedia&parent=304401"}],"wp:term":[{"taxonomy":"category","embeddable":true,"href":"https:\/\/archive.sana.sy\/es\/index.php?rest_route=%2Fwp%2Fv2%2Fcategories&post=304401"},{"taxonomy":"post_tag","embeddable":true,"href":"https:\/\/archive.sana.sy\/es\/index.php?rest_route=%2Fwp%2Fv2%2Ftags&post=304401"}],"curies":[{"name":"wp","href":"https:\/\/api.w.org\/{rel}","templated":true}]}}