{"id":304406,"date":"2023-07-22T10:55:15","date_gmt":"2023-07-22T07:55:15","guid":{"rendered":"http:\/\/sana.sy\/es\/?p=304406"},"modified":"2023-07-22T10:55:29","modified_gmt":"2023-07-22T07:55:29","slug":"argelia-solicita-oficialmente-unirse-al-grupo-brics","status":"publish","type":"post","link":"https:\/\/archive.sana.sy\/es\/?p=304406","title":{"rendered":"Argelia solicita oficialmente unirse al grupo BRICS"},"content":{"rendered":"<blockquote><p><span style=\"color: #993300;\">El mandatario argelino explic\u00f3 que su pa\u00eds inform\u00f3 nuevamente al lado chino sobre las medidas tomadas para solicitar la adhesi\u00f3n a BRICS y las motivaciones detr\u00e1s de esta iniciativa, especialmente las transformaciones fundamentales que est\u00e1 experimentando la econom\u00eda argelina y su aspiraci\u00f3n a seguir las tendencias actuales de la econom\u00eda mundial.<\/span><\/p><\/blockquote>\n<p><span style=\"color: #800000;\"><strong>Argel, 22 jul (SANA)<\/strong> <\/span>El presidente de Argelia, Abdulmadjid Tebboune, anunci\u00f3 que su pa\u00eds present\u00f3 una solicitud oficial para unirse al grupo BRICS.<\/p>\n<p>Durante una entrevista con la cadena de televisi\u00f3n china &#8220;CCTV&#8221; al final de su visita a China, Tebboune afirm\u00f3 que &#8220;el espacio de BRICS ayudar\u00e1 a Argelia de manera significativa, y presentamos una solicitud oficial para unirse a este bloque y al Banco de Desarrollo del grupo&#8221;.<\/p>\n<p>El mandatario argelino explic\u00f3 que su pa\u00eds inform\u00f3 nuevamente al lado chino sobre las medidas tomadas para solicitar la adhesi\u00f3n a BRICS y las motivaciones detr\u00e1s de esta iniciativa, especialmente las transformaciones fundamentales que est\u00e1 experimentando la econom\u00eda argelina y su aspiraci\u00f3n a seguir las tendencias actuales de la econom\u00eda mundial.<\/p>\n<p>Por su parte, el lado chino dio la bienvenida a la voluntad positiva de Argelia de unirse al grupo BRICS, expresando su apoyo a los esfuerzos de Argelia para lograr este objetivo.<\/p>\n<p>En otro contexto, el presidente Tebboune afirm\u00f3 la voluntad de su pa\u00eds y su b\u00fasqueda de establecer proyectos conjuntos con China que abarquen diversas \u00e1reas<\/p>\n<p>&nbsp;<\/p>\n","protected":false},"excerpt":{"rendered":"<p>El mandatario argelino explic\u00f3 que su pa\u00eds inform\u00f3 nuevamente al lado chino sobre las medidas tomadas para solicitar la adhesi\u00f3n a BRICS y las motivaciones detr\u00e1s de esta iniciativa, especialmente las transformaciones fundamentales que est\u00e1 experimentando la econom\u00eda argelina y su aspiraci\u00f3n a seguir las tendencias actuales de la econom\u00eda mundial. Argel, 22 jul (SANA) &hellip;<\/p>\n","protected":false},"author":30,"featured_media":304407,"comment_status":"closed","ping_status":"closed","sticky":false,"template":"","format":"standard","meta":{"footnotes":""},"categories":[597,456,16687,20724,7541],"tags":[],"class_list":["post-304406","post","type-post","status-publish","format-standard","has-post-thumbnail","","category-cinta-de-noticias","category-arabe-internacional-politica","category-internacionales","category-minuto-a-minuto","category-ultimas-noticias"],"_links":{"self":[{"href":"https:\/\/archive.sana.sy\/es\/index.php?rest_route=\/wp\/v2\/posts\/304406"}],"collection":[{"href":"https:\/\/archive.sana.sy\/es\/index.php?rest_route=\/wp\/v2\/posts"}],"about":[{"href":"https:\/\/archive.sana.sy\/es\/index.php?rest_route=\/wp\/v2\/types\/post"}],"author":[{"embeddable":true,"href":"https:\/\/archive.sana.sy\/es\/index.php?rest_route=\/wp\/v2\/users\/30"}],"replies":[{"embeddable":true,"href":"https:\/\/archive.sana.sy\/es\/index.php?rest_route=%2Fwp%2Fv2%2Fcomments&post=304406"}],"version-history":[{"count":1,"href":"https:\/\/archive.sana.sy\/es\/index.php?rest_route=\/wp\/v2\/posts\/304406\/revisions"}],"predecessor-version":[{"id":304408,"href":"https:\/\/archive.sana.sy\/es\/index.php?rest_route=\/wp\/v2\/posts\/304406\/revisions\/304408"}],"wp:featuredmedia":[{"embeddable":true,"href":"https:\/\/archive.sana.sy\/es\/index.php?rest_route=\/wp\/v2\/media\/304407"}],"wp:attachment":[{"href":"https:\/\/archive.sana.sy\/es\/index.php?rest_route=%2Fwp%2Fv2%2Fmedia&parent=304406"}],"wp:term":[{"taxonomy":"category","embeddable":true,"href":"https:\/\/archive.sana.sy\/es\/index.php?rest_route=%2Fwp%2Fv2%2Fcategories&post=304406"},{"taxonomy":"post_tag","embeddable":true,"href":"https:\/\/archive.sana.sy\/es\/index.php?rest_route=%2Fwp%2Fv2%2Ftags&post=304406"}],"curies":[{"name":"wp","href":"https:\/\/api.w.org\/{rel}","templated":true}]}}