{"id":30443,"date":"2015-09-24T10:24:47","date_gmt":"2015-09-24T07:24:47","guid":{"rendered":"http:\/\/sana.sy\/es\/?p=30443"},"modified":"2015-09-24T10:25:06","modified_gmt":"2015-09-24T07:25:06","slug":"presidente-al-assad-recibe-cables-de-felicitacion-por-el-eid-al-adha","status":"publish","type":"post","link":"https:\/\/archive.sana.sy\/es\/?p=30443","title":{"rendered":"Presidente al-Assad recibe cables de felicitaci\u00f3n por el Eid al-Adha"},"content":{"rendered":"<p><span style=\"color: #800000\">Damasco, SANA<\/span><\/p>\n<p>El presidente Bashar al-Assad, recibi\u00f3 un cable del primer juez legislativo en Damasco, Mahmoud Almarawi, el cual confirm\u00f3 que el primer d\u00eda de Eid al-Adha (fiesta musulmana del sacrificio) es el jueves, 24 de septiembre del 2015.<\/p>\n<p>El juez Almarawi expres\u00f3 sus m\u00e1s sinceras felicitaciones al presidente por Eid Adha rogando al Todopoderoso que bendiga al pueblo sirio.<\/p>\n<p>El presidente al-Assad recibi\u00f3 tambi\u00e9n en esta ocasi\u00f3n, un telegrama de felicitaci\u00f3n del Ministro de Justicia Dr. Najm Hamad Al-Ahmad quien expres\u00f3 en su nombre y en nombre del Consejo General del Poder Judicial y de todos los jueces y abogados del Estado y de los trabajadores en el Ministerio de Justicia, las m\u00e1s sinceras felicitaciones con motivo de Eid al-Adha, y la esperanza de que la paz y la seguridad reinen en todo el pa\u00eds bajo el liderazgo del presidente al-Assad.<\/p>\n<p>El telegrama felicita tambi\u00e9n a los soldados del ej\u00e9rcito sirio dese\u00e1ndoles un a\u00f1o lleno de victorias sobre las fuerzas del oscurantismo, la ignorancia y el atraso, y salvar la patria de las garras del terrorismo.<\/p>\n<p>El presidente al-Assad recibi\u00f3 adem\u00e1s, dos telegramas de felicitaci\u00f3n del ministro de Awqaf, Dr. Mohammed Abdul Sattar y del Gran Muft\u00ed de la Rep\u00fablica, Ahmad Badr al-Din Hassoun.<\/p>\n<p>Los dos telegramas aseguran que &#8220;la historia inscribir\u00e1 que Siria ha ofrecido en los \u00faltimos cinco a\u00f1os enormes sacrificios para preservar los valores de Dios y mantener a Siria libre de la humillaci\u00f3n y la sumisi\u00f3n\u201d.<\/p>\n<p><span style=\"color: #00ccff\">Fady M., Hala B.<\/span><\/p>\n","protected":false},"excerpt":{"rendered":"<p>Damasco, SANA El presidente Bashar al-Assad, recibi\u00f3 un cable del primer juez legislativo en Damasco, Mahmoud Almarawi, el cual confirm\u00f3 que el primer d\u00eda de Eid al-Adha (fiesta musulmana del sacrificio) es el jueves, 24 de septiembre del 2015. El juez Almarawi expres\u00f3 sus m\u00e1s sinceras felicitaciones al presidente por Eid Adha rogando al Todopoderoso &hellip;<\/p>\n","protected":false},"author":1,"featured_media":30444,"comment_status":"closed","ping_status":"closed","sticky":false,"template":"","format":"standard","meta":{"footnotes":""},"categories":[597,457,626],"tags":[6742],"class_list":["post-30443","post","type-post","status-publish","format-standard","has-post-thumbnail","","category-cinta-de-noticias","category-noticias-arabe-internacional-politica","category-sr-presidente","tag-presidente-al-assad-recibe-cables-de-felicitacion-por-el-eid-al-adha"],"_links":{"self":[{"href":"https:\/\/archive.sana.sy\/es\/index.php?rest_route=\/wp\/v2\/posts\/30443"}],"collection":[{"href":"https:\/\/archive.sana.sy\/es\/index.php?rest_route=\/wp\/v2\/posts"}],"about":[{"href":"https:\/\/archive.sana.sy\/es\/index.php?rest_route=\/wp\/v2\/types\/post"}],"author":[{"embeddable":true,"href":"https:\/\/archive.sana.sy\/es\/index.php?rest_route=\/wp\/v2\/users\/1"}],"replies":[{"embeddable":true,"href":"https:\/\/archive.sana.sy\/es\/index.php?rest_route=%2Fwp%2Fv2%2Fcomments&post=30443"}],"version-history":[{"count":0,"href":"https:\/\/archive.sana.sy\/es\/index.php?rest_route=\/wp\/v2\/posts\/30443\/revisions"}],"wp:featuredmedia":[{"embeddable":true,"href":"https:\/\/archive.sana.sy\/es\/index.php?rest_route=\/wp\/v2\/media\/30444"}],"wp:attachment":[{"href":"https:\/\/archive.sana.sy\/es\/index.php?rest_route=%2Fwp%2Fv2%2Fmedia&parent=30443"}],"wp:term":[{"taxonomy":"category","embeddable":true,"href":"https:\/\/archive.sana.sy\/es\/index.php?rest_route=%2Fwp%2Fv2%2Fcategories&post=30443"},{"taxonomy":"post_tag","embeddable":true,"href":"https:\/\/archive.sana.sy\/es\/index.php?rest_route=%2Fwp%2Fv2%2Ftags&post=30443"}],"curies":[{"name":"wp","href":"https:\/\/api.w.org\/{rel}","templated":true}]}}