{"id":304475,"date":"2023-07-22T21:25:24","date_gmt":"2023-07-22T18:25:24","guid":{"rendered":"http:\/\/sana.sy\/es\/?p=304475"},"modified":"2023-07-22T21:26:56","modified_gmt":"2023-07-22T18:26:56","slug":"siria-condena-asesinato-del-corresponsal-de-ria-novosti-por-el-regimen-de-kiev","status":"publish","type":"post","link":"https:\/\/archive.sana.sy\/es\/?p=304475","title":{"rendered":"Siria condena asesinato del corresponsal de RIA Novosti por el r\u00e9gimen de Kiev"},"content":{"rendered":"<p style=\"text-align: justify;\"><span style=\"color: #800000;\"><strong>Damasco, 22 jul (SANA)\u00a0<\/strong><\/span> \u00a0El Ministerio de Informaci\u00f3n de Siria conden\u00f3 en\u00e9rgicamente el ataque del r\u00e9gimen ucraniano contra los equipos period\u00edsticos que cubren las operaciones militares y lo tild\u00f3 como acto delictivo.<\/p>\n<p style=\"text-align: justify;\">\u201cNos entristece que el corresponsal militar de la agencia rusa RIA Novosti, Rostislav Zhuravliov, muri\u00f3 hoy, y que otros tres periodistas resultaron heridos a causa de un bombardeo del r\u00e9gimen ucraniano\u201d, declar\u00f3 el Ministerio en un comunicado este s\u00e1bado.<\/p>\n<p style=\"text-align: justify;\">El Ministerio se\u00f1al\u00f3 que \u201cel crimen ucraniano recuerda a los corresponsales sirios que resultaron muertos y heridos a causa de los ataques terroristas con balas y atentados en su contra\u201d.<\/p>\n<p style=\"text-align: justify;\">\u201cEstos periodistas que sacrificaron su vida por transmitir la verdad al mundo frente a la desinformaci\u00f3n occidental\u201d, aclar\u00f3.<\/p>\n<p style=\"text-align: justify;\">El Ministerio consider\u00f3 que \u201cel com\u00fan denominador entre las organizaciones terroristas y el r\u00e9gimen de Kiev es que est\u00e1n apoyados por EEUU y el Occidente, por lo que \u00e9stos \u00faltimos son responsables e involucrados en cometer este crimen\u201d, concluy\u00f3.<\/p>\n<p style=\"text-align: justify;\">rr\/fm<\/p>\n","protected":false},"excerpt":{"rendered":"<p>Damasco, 22 jul (SANA)\u00a0 \u00a0El Ministerio de Informaci\u00f3n de Siria conden\u00f3 en\u00e9rgicamente el ataque del r\u00e9gimen ucraniano contra los equipos period\u00edsticos que cubren las operaciones militares y lo tild\u00f3 como acto delictivo. \u201cNos entristece que el corresponsal militar de la agencia rusa RIA Novosti, Rostislav Zhuravliov, muri\u00f3 hoy, y que otros tres periodistas resultaron heridos &hellip;<\/p>\n","protected":false},"author":31,"featured_media":304478,"comment_status":"closed","ping_status":"closed","sticky":false,"template":"","format":"standard","meta":{"footnotes":""},"categories":[597,476,7541],"tags":[8602,22288,22289,22290,6695,6553,20357],"class_list":["post-304475","post","type-post","status-publish","format-standard","has-post-thumbnail","","category-cinta-de-noticias","category-locales","category-ultimas-noticias","tag-ataque","tag-periodista","tag-ria-novosti","tag-rostislav-zhuravliov","tag-rusia","tag-siria","tag-ucrania"],"_links":{"self":[{"href":"https:\/\/archive.sana.sy\/es\/index.php?rest_route=\/wp\/v2\/posts\/304475"}],"collection":[{"href":"https:\/\/archive.sana.sy\/es\/index.php?rest_route=\/wp\/v2\/posts"}],"about":[{"href":"https:\/\/archive.sana.sy\/es\/index.php?rest_route=\/wp\/v2\/types\/post"}],"author":[{"embeddable":true,"href":"https:\/\/archive.sana.sy\/es\/index.php?rest_route=\/wp\/v2\/users\/31"}],"replies":[{"embeddable":true,"href":"https:\/\/archive.sana.sy\/es\/index.php?rest_route=%2Fwp%2Fv2%2Fcomments&post=304475"}],"version-history":[{"count":1,"href":"https:\/\/archive.sana.sy\/es\/index.php?rest_route=\/wp\/v2\/posts\/304475\/revisions"}],"predecessor-version":[{"id":304477,"href":"https:\/\/archive.sana.sy\/es\/index.php?rest_route=\/wp\/v2\/posts\/304475\/revisions\/304477"}],"wp:featuredmedia":[{"embeddable":true,"href":"https:\/\/archive.sana.sy\/es\/index.php?rest_route=\/wp\/v2\/media\/304478"}],"wp:attachment":[{"href":"https:\/\/archive.sana.sy\/es\/index.php?rest_route=%2Fwp%2Fv2%2Fmedia&parent=304475"}],"wp:term":[{"taxonomy":"category","embeddable":true,"href":"https:\/\/archive.sana.sy\/es\/index.php?rest_route=%2Fwp%2Fv2%2Fcategories&post=304475"},{"taxonomy":"post_tag","embeddable":true,"href":"https:\/\/archive.sana.sy\/es\/index.php?rest_route=%2Fwp%2Fv2%2Ftags&post=304475"}],"curies":[{"name":"wp","href":"https:\/\/api.w.org\/{rel}","templated":true}]}}