{"id":304479,"date":"2023-07-23T10:39:24","date_gmt":"2023-07-23T07:39:24","guid":{"rendered":"http:\/\/sana.sy\/es\/?p=304479"},"modified":"2023-07-23T10:39:24","modified_gmt":"2023-07-23T07:39:24","slug":"cuba-defiende-sus-misiones-medicas-en-el-extranjero-ante-campana-hostil-de-eeuu","status":"publish","type":"post","link":"https:\/\/archive.sana.sy\/es\/?p=304479","title":{"rendered":"Cuba defiende sus misiones m\u00e9dicas en el extranjero ante campa\u00f1a hostil de EEUU"},"content":{"rendered":"<blockquote>\n<p style=\"text-align: justify;\"><span style=\"color: #993300;\">\u201cEstados Unidos recurre una vez m\u00e1s a la calumnia para desacreditar la noble labor humanitaria y solidaria de Cuba en apoyo a la salud de otros pueblos&#8221;, consider\u00f3 el Canciller cubano en su cuenta en Twitter.<\/span><\/p>\n<\/blockquote>\n<p style=\"text-align: justify;\"><span style=\"color: #800000;\"><strong>La Habana, 23 jul (SANA)\u00a0<\/strong><\/span> Cuba conden\u00f3 la asignaci\u00f3n de millones de d\u00f3lares por parte de Estados Unidos para promover una campa\u00f1a contra la cooperaci\u00f3n m\u00e9dica cubana.<\/p>\n<p style=\"text-align: justify;\">El ministro cubano de Relaciones Exteriores, Bruno Rodr\u00edguez, carg\u00f3 contra una convocatoria del Gobierno estadounidense que &#8220;asigna fondos millonarios para fomentar campa\u00f1a contra la colaboraci\u00f3n m\u00e9dica&#8221;.<\/p>\n<p style=\"text-align: justify;\">&#8220;Estados Unidos recurre una vez m\u00e1s a la calumnia para desacreditar la noble labor humanitaria y solidaria de Cuba en apoyo a la salud de otros pueblos&#8221;, escribi\u00f3 el Canciller en su cuenta en Twitter.<\/p>\n<p style=\"text-align: justify;\">Rodr\u00edguez denunci\u00f3 que el gobierno estadounidense intenta privar a Cuba de fuentes de ingresos econ\u00f3micos, e incentiva el robo de personal m\u00e9dico formado por la Isla, con fines claramente subversivos&#8221;.<\/p>\n<p style=\"text-align: justify;\">Enfatiz\u00f3 el derecho de Cuba y otros pa\u00edses del mundo a implementar programas de cooperaci\u00f3n para el cuidado y protecci\u00f3n de la salud de sus pueblos.<\/p>\n<p style=\"text-align: justify;\">El jefe de la diplomacia cubana resalt\u00f3 tambi\u00e9n que la pol\u00edtica estadounidense est\u00e1 relacionada con la represalia pol\u00edtica contra Cuba.<\/p>\n<p style=\"text-align: justify;\">Se\u00f1al\u00f3 que la salud es un derecho humano b\u00e1sico y que Washington &#8220;comete un crimen al pretender al privar a decenas de miles de personas del acceso a servicios de salud por motivos de revancha pol\u00edtica&#8221;.<\/p>\n<p style=\"text-align: justify;\">Es totalmente leg\u00edtimo que Cuba y otros pa\u00edses del mundo implementen programas de colaboraci\u00f3n para atender y proteger la salud de su poblaci\u00f3n, concluy\u00f3.<\/p>\n<p style=\"text-align: justify;\">ed\/fm<\/p>\n","protected":false},"excerpt":{"rendered":"<p>\u201cEstados Unidos recurre una vez m\u00e1s a la calumnia para desacreditar la noble labor humanitaria y solidaria de Cuba en apoyo a la salud de otros pueblos&#8221;, consider\u00f3 el Canciller cubano en su cuenta en Twitter. La Habana, 23 jul (SANA)\u00a0 Cuba conden\u00f3 la asignaci\u00f3n de millones de d\u00f3lares por parte de Estados Unidos para &hellip;<\/p>\n","protected":false},"author":32,"featured_media":304480,"comment_status":"closed","ping_status":"closed","sticky":false,"template":"","format":"standard","meta":{"footnotes":""},"categories":[597,456,16687,20724,7541],"tags":[],"class_list":["post-304479","post","type-post","status-publish","format-standard","has-post-thumbnail","","category-cinta-de-noticias","category-arabe-internacional-politica","category-internacionales","category-minuto-a-minuto","category-ultimas-noticias"],"_links":{"self":[{"href":"https:\/\/archive.sana.sy\/es\/index.php?rest_route=\/wp\/v2\/posts\/304479"}],"collection":[{"href":"https:\/\/archive.sana.sy\/es\/index.php?rest_route=\/wp\/v2\/posts"}],"about":[{"href":"https:\/\/archive.sana.sy\/es\/index.php?rest_route=\/wp\/v2\/types\/post"}],"author":[{"embeddable":true,"href":"https:\/\/archive.sana.sy\/es\/index.php?rest_route=\/wp\/v2\/users\/32"}],"replies":[{"embeddable":true,"href":"https:\/\/archive.sana.sy\/es\/index.php?rest_route=%2Fwp%2Fv2%2Fcomments&post=304479"}],"version-history":[{"count":1,"href":"https:\/\/archive.sana.sy\/es\/index.php?rest_route=\/wp\/v2\/posts\/304479\/revisions"}],"predecessor-version":[{"id":304481,"href":"https:\/\/archive.sana.sy\/es\/index.php?rest_route=\/wp\/v2\/posts\/304479\/revisions\/304481"}],"wp:featuredmedia":[{"embeddable":true,"href":"https:\/\/archive.sana.sy\/es\/index.php?rest_route=\/wp\/v2\/media\/304480"}],"wp:attachment":[{"href":"https:\/\/archive.sana.sy\/es\/index.php?rest_route=%2Fwp%2Fv2%2Fmedia&parent=304479"}],"wp:term":[{"taxonomy":"category","embeddable":true,"href":"https:\/\/archive.sana.sy\/es\/index.php?rest_route=%2Fwp%2Fv2%2Fcategories&post=304479"},{"taxonomy":"post_tag","embeddable":true,"href":"https:\/\/archive.sana.sy\/es\/index.php?rest_route=%2Fwp%2Fv2%2Ftags&post=304479"}],"curies":[{"name":"wp","href":"https:\/\/api.w.org\/{rel}","templated":true}]}}