{"id":304482,"date":"2023-07-23T10:38:42","date_gmt":"2023-07-23T07:38:42","guid":{"rendered":"http:\/\/sana.sy\/es\/?p=304482"},"modified":"2023-07-23T12:59:19","modified_gmt":"2023-07-23T09:59:19","slug":"siria-condena-ataque-ucraniano-contra-periodistas-rusos","status":"publish","type":"post","link":"https:\/\/archive.sana.sy\/es\/?p=304482","title":{"rendered":"Siria condena ataque ucraniano contra periodistas rusos"},"content":{"rendered":"<p style=\"text-align: justify;\"><span style=\"color: #800000;\"><strong>Damasco, 23 jul (SANA)\u00a0<\/strong><\/span> El Ministerio de Informaci\u00f3n de Siria manifest\u00f3 su en\u00e9rgico repudio al bombardeo ucraniano con bombas de racimo contra equipos period\u00edsticos que cubren la Operaci\u00f3n Militar Especial de Rusia.<\/p>\n<p style=\"text-align: justify;\">&#8220;Nos entristece la muerte del corresponsal militar de la agencia rusa RIA Novosti, Rostislav Zhuravliov, y la lesi\u00f3n de otros tres periodistas por ataque del r\u00e9gimen de Kiev&#8221;, declar\u00f3 el Ministerio en un comunicado.<\/p>\n<p style=\"text-align: justify;\">Estos periodistas, al igual que los sirios, dieron sus vidas por transmitir la verdad al mundo y para hacer frente a la desinformaci\u00f3n occidental, aclar\u00f3 el texto .<\/p>\n<p style=\"text-align: justify;\">La caracter\u00edstica com\u00fan entre las organizaciones terroristas y el r\u00e9gimen de Kiev es que reciben apoyo de Estados Unidos y Occidente, por lo que \u00e9stos \u00faltimos son responsables e involucrados en cometer este crimen, concluy\u00f3 el ente su declaraci\u00f3n.<\/p>\n<p style=\"text-align: justify;\">fm\/ed<\/p>\n","protected":false},"excerpt":{"rendered":"<p>Damasco, 23 jul (SANA)\u00a0 El Ministerio de Informaci\u00f3n de Siria manifest\u00f3 su en\u00e9rgico repudio al bombardeo ucraniano con bombas de racimo contra equipos period\u00edsticos que cubren la Operaci\u00f3n Militar Especial de Rusia. &#8220;Nos entristece la muerte del corresponsal militar de la agencia rusa RIA Novosti, Rostislav Zhuravliov, y la lesi\u00f3n de otros tres periodistas por &hellip;<\/p>\n","protected":false},"author":32,"featured_media":304496,"comment_status":"closed","ping_status":"closed","sticky":false,"template":"","format":"standard","meta":{"footnotes":""},"categories":[477,597,20724,476,583],"tags":[],"class_list":["post-304482","post","type-post","status-publish","format-standard","has-post-thumbnail","","category-noticias-edulcorantes","category-cinta-de-noticias","category-minuto-a-minuto","category-locales","category-slide"],"_links":{"self":[{"href":"https:\/\/archive.sana.sy\/es\/index.php?rest_route=\/wp\/v2\/posts\/304482"}],"collection":[{"href":"https:\/\/archive.sana.sy\/es\/index.php?rest_route=\/wp\/v2\/posts"}],"about":[{"href":"https:\/\/archive.sana.sy\/es\/index.php?rest_route=\/wp\/v2\/types\/post"}],"author":[{"embeddable":true,"href":"https:\/\/archive.sana.sy\/es\/index.php?rest_route=\/wp\/v2\/users\/32"}],"replies":[{"embeddable":true,"href":"https:\/\/archive.sana.sy\/es\/index.php?rest_route=%2Fwp%2Fv2%2Fcomments&post=304482"}],"version-history":[{"count":1,"href":"https:\/\/archive.sana.sy\/es\/index.php?rest_route=\/wp\/v2\/posts\/304482\/revisions"}],"predecessor-version":[{"id":304484,"href":"https:\/\/archive.sana.sy\/es\/index.php?rest_route=\/wp\/v2\/posts\/304482\/revisions\/304484"}],"wp:featuredmedia":[{"embeddable":true,"href":"https:\/\/archive.sana.sy\/es\/index.php?rest_route=\/wp\/v2\/media\/304496"}],"wp:attachment":[{"href":"https:\/\/archive.sana.sy\/es\/index.php?rest_route=%2Fwp%2Fv2%2Fmedia&parent=304482"}],"wp:term":[{"taxonomy":"category","embeddable":true,"href":"https:\/\/archive.sana.sy\/es\/index.php?rest_route=%2Fwp%2Fv2%2Fcategories&post=304482"},{"taxonomy":"post_tag","embeddable":true,"href":"https:\/\/archive.sana.sy\/es\/index.php?rest_route=%2Fwp%2Fv2%2Ftags&post=304482"}],"curies":[{"name":"wp","href":"https:\/\/api.w.org\/{rel}","templated":true}]}}