{"id":30460,"date":"2015-09-24T13:23:57","date_gmt":"2015-09-24T10:23:57","guid":{"rendered":"http:\/\/sana.sy\/es\/?p=30460"},"modified":"2015-09-24T13:23:57","modified_gmt":"2015-09-24T10:23:57","slug":"ejercito-yemeni-destruye-a-seis-vehiculos-militares-saudies","status":"publish","type":"post","link":"https:\/\/archive.sana.sy\/es\/?p=30460","title":{"rendered":"Ej\u00e9rcito yemen\u00ed destruye a seis veh\u00edculos militares saud\u00edes"},"content":{"rendered":"<div><span lang=\"ES-TRAD\" style=\"color: #800000\">San\u00e1, SANA<\/span><\/div>\n<div><\/div>\n<div><span lang=\"ES-TRAD\">Unidades del ej\u00e9rcito yemen\u00ed y de los comit\u00e9s populares destruyeron a seis veh\u00edculos militares de las fuerzas del r\u00e9gimen de Al-Saud en el sitio militar saud\u00ed al-Kamar, en respuesta a los bombardeos continuos saud\u00edes contra las diferentes provincias de Yemen.<\/span><\/div>\n<div><\/div>\n<div><span lang=\"ES-TRAD\">La agencia de noticias yemen\u00ed &#8220;Saba&#8221; cit\u00f3 a una fuente militar yemen\u00ed diciendo que &#8220;el ej\u00e9rcito y los comit\u00e9s populares fueron capaces de destruir a seis veh\u00edculos militares saud\u00edes en Jizan\u201d.<\/span><\/div>\n<div><\/div>\n<div><span lang=\"ES-TRAD\">Por otro lado, los aviones b\u00e9licos saud\u00edes han continuados sus bombardeos contra varias zonas de Yemen causando numerosos muertos y heridos entre la poblaci\u00f3n civil, en medio de una crisis humanitaria que empeora d\u00eda tras d\u00eda a consecuencia de los bombardeos y el bloqueo por tierra, a\u00edre y mar, y la falta de medicamentos en los hospitales.<\/span><\/div>\n<div><\/div>\n<div><span style=\"color: #00ccff\">Fady M., Hala B.<\/span><\/div>\n<div class=\"yj6qo ajU\">\n<div id=\":10t\" class=\"ajR\"><img decoding=\"async\" class=\"ajT\" src=\"https:\/\/ssl.gstatic.com\/ui\/v1\/icons\/mail\/images\/cleardot.gif\" alt=\"\" \/><\/div>\n<\/div>\n","protected":false},"excerpt":{"rendered":"<p>San\u00e1, SANA Unidades del ej\u00e9rcito yemen\u00ed y de los comit\u00e9s populares destruyeron a seis veh\u00edculos militares de las fuerzas del r\u00e9gimen de Al-Saud en el sitio militar saud\u00ed al-Kamar, en respuesta a los bombardeos continuos saud\u00edes contra las diferentes provincias de Yemen. La agencia de noticias yemen\u00ed &#8220;Saba&#8221; cit\u00f3 a una fuente militar yemen\u00ed diciendo &hellip;<\/p>\n","protected":false},"author":1,"featured_media":30461,"comment_status":"closed","ping_status":"closed","sticky":false,"template":"","format":"standard","meta":{"footnotes":""},"categories":[456,457,576],"tags":[6747],"class_list":["post-30460","post","type-post","status-publish","format-standard","has-post-thumbnail","","category-arabe-internacional-politica","category-noticias-arabe-internacional-politica","category-noticias-politicas","tag-ejercito-yemeni-destruye-a-seis-vehiculos-militares-saudies"],"_links":{"self":[{"href":"https:\/\/archive.sana.sy\/es\/index.php?rest_route=\/wp\/v2\/posts\/30460"}],"collection":[{"href":"https:\/\/archive.sana.sy\/es\/index.php?rest_route=\/wp\/v2\/posts"}],"about":[{"href":"https:\/\/archive.sana.sy\/es\/index.php?rest_route=\/wp\/v2\/types\/post"}],"author":[{"embeddable":true,"href":"https:\/\/archive.sana.sy\/es\/index.php?rest_route=\/wp\/v2\/users\/1"}],"replies":[{"embeddable":true,"href":"https:\/\/archive.sana.sy\/es\/index.php?rest_route=%2Fwp%2Fv2%2Fcomments&post=30460"}],"version-history":[{"count":0,"href":"https:\/\/archive.sana.sy\/es\/index.php?rest_route=\/wp\/v2\/posts\/30460\/revisions"}],"wp:featuredmedia":[{"embeddable":true,"href":"https:\/\/archive.sana.sy\/es\/index.php?rest_route=\/wp\/v2\/media\/30461"}],"wp:attachment":[{"href":"https:\/\/archive.sana.sy\/es\/index.php?rest_route=%2Fwp%2Fv2%2Fmedia&parent=30460"}],"wp:term":[{"taxonomy":"category","embeddable":true,"href":"https:\/\/archive.sana.sy\/es\/index.php?rest_route=%2Fwp%2Fv2%2Fcategories&post=30460"},{"taxonomy":"post_tag","embeddable":true,"href":"https:\/\/archive.sana.sy\/es\/index.php?rest_route=%2Fwp%2Fv2%2Ftags&post=30460"}],"curies":[{"name":"wp","href":"https:\/\/api.w.org\/{rel}","templated":true}]}}