{"id":30471,"date":"2015-09-24T15:20:09","date_gmt":"2015-09-24T12:20:09","guid":{"rendered":"http:\/\/sana.sy\/es\/?p=30471"},"modified":"2015-09-24T15:34:24","modified_gmt":"2015-09-24T12:34:24","slug":"rusia-y-alemania-destacan-necesidad-de-la-participacion-del-presidente-al-assad-en-el-arreglo-politico-de-la-crisis-en-siria","status":"publish","type":"post","link":"https:\/\/archive.sana.sy\/es\/?p=30471","title":{"rendered":"Rusia y Alemania destacan necesidad de participaci\u00f3n del presidente al-Assad en el arreglo pol\u00edtico de la crisis siria"},"content":{"rendered":"<p><span style=\"color: #800000\">Mosc\u00fa, SANA<\/span><\/p>\n<p>El portavoz de la Presidencia de la Federaci\u00f3n Rusa, Dimtry Peskov anunci\u00f3 este jueves que las declaraciones de la canciller alemana, Angela Merkel sobre la necesidad de que el presidente sirio Bashar al-Assad participe en el arreglo pol\u00edtico de la crisis en Siria coinciden con la postura de Rusia que reiter\u00f3 que solamente el pueblo sirio es el que decide sobre el futuro de su pa\u00eds y su presidente.<\/p>\n<p>En declaraciones brindadas a los periodistas este jueves, Peskov dijo que las declaraciones de Merkel se solapan con lo reiterado por el presidente Putin en varias ocasiones de que el futuro de Siria no puede ser determinado por los otros pa\u00edses.<\/p>\n<p>\u201cEl destino de Siria lo decide s\u00f3lo el pueblo sirio, y no se puede aislar al presidente leg\u00edtimo de la Rep\u00fablica \u00c1rabe Siria del arreglo pol\u00edtico\u201d subray\u00f3 el vocero ruso.<\/p>\n<p>Es de se\u00f1alar que la v\u00edspera Merkel declar\u00f3 ayer a la prensa que el presidente al-Assad, debe participar en las negociaciones sobre la resoluci\u00f3n del conflicto en el pa\u00eds tras una cumbre europea urgente en la capital belga Bruselas.<\/p>\n<p>Por otro lado, Peskov desminti\u00f3 noticias de que el Kremlin haya preparado una petici\u00f3n al Senado ruso para solicitar el uso de fuerzas militares en Siria.<\/p>\n<p>Y sobre una acci\u00f3n unilateral rusa contra la organizaci\u00f3n terrorista del Estado Isl\u00e1mico en Siria, Peskov dijo que en estos momentos hay muchas especulaciones emitidas por los medios de comunicaci\u00f3n, resaltando que &#8220;la mayor\u00eda de estas informaciones no tienen nada que ver con la realidad&#8221;.<\/p>\n<p>&nbsp;<\/p>\n<p>Lynn A.<\/p>\n","protected":false},"excerpt":{"rendered":"<p>Mosc\u00fa, SANA El portavoz de la Presidencia de la Federaci\u00f3n Rusa, Dimtry Peskov anunci\u00f3 este jueves que las declaraciones de la canciller alemana, Angela Merkel sobre la necesidad de que el presidente sirio Bashar al-Assad participe en el arreglo pol\u00edtico de la crisis en Siria coinciden con la postura de Rusia que reiter\u00f3 que solamente &hellip;<\/p>\n","protected":false},"author":24,"featured_media":30097,"comment_status":"closed","ping_status":"closed","sticky":false,"template":"","format":"standard","meta":{"footnotes":""},"categories":[456,457,576],"tags":[6749],"class_list":["post-30471","post","type-post","status-publish","format-standard","has-post-thumbnail","","category-arabe-internacional-politica","category-noticias-arabe-internacional-politica","category-noticias-politicas","tag-rusia-y-alemania-destacan-necesidad-de-la-participacion-del-presidente-al-assad-en-el-arreglo-politico-de-la-crisis-en-siria"],"_links":{"self":[{"href":"https:\/\/archive.sana.sy\/es\/index.php?rest_route=\/wp\/v2\/posts\/30471"}],"collection":[{"href":"https:\/\/archive.sana.sy\/es\/index.php?rest_route=\/wp\/v2\/posts"}],"about":[{"href":"https:\/\/archive.sana.sy\/es\/index.php?rest_route=\/wp\/v2\/types\/post"}],"author":[{"embeddable":true,"href":"https:\/\/archive.sana.sy\/es\/index.php?rest_route=\/wp\/v2\/users\/24"}],"replies":[{"embeddable":true,"href":"https:\/\/archive.sana.sy\/es\/index.php?rest_route=%2Fwp%2Fv2%2Fcomments&post=30471"}],"version-history":[{"count":0,"href":"https:\/\/archive.sana.sy\/es\/index.php?rest_route=\/wp\/v2\/posts\/30471\/revisions"}],"wp:featuredmedia":[{"embeddable":true,"href":"https:\/\/archive.sana.sy\/es\/index.php?rest_route=\/wp\/v2\/media\/30097"}],"wp:attachment":[{"href":"https:\/\/archive.sana.sy\/es\/index.php?rest_route=%2Fwp%2Fv2%2Fmedia&parent=30471"}],"wp:term":[{"taxonomy":"category","embeddable":true,"href":"https:\/\/archive.sana.sy\/es\/index.php?rest_route=%2Fwp%2Fv2%2Fcategories&post=30471"},{"taxonomy":"post_tag","embeddable":true,"href":"https:\/\/archive.sana.sy\/es\/index.php?rest_route=%2Fwp%2Fv2%2Ftags&post=30471"}],"curies":[{"name":"wp","href":"https:\/\/api.w.org\/{rel}","templated":true}]}}