{"id":304721,"date":"2023-07-25T20:41:40","date_gmt":"2023-07-25T17:41:40","guid":{"rendered":"https:\/\/sana.sy\/es\/?p=304721"},"modified":"2023-07-25T20:41:40","modified_gmt":"2023-07-25T17:41:40","slug":"presidente-al-assad-recibe-a-enviado-del-presidente-de-rusia","status":"publish","type":"post","link":"https:\/\/archive.sana.sy\/es\/?p=304721","title":{"rendered":"Presidente Al-Assad recibe a Enviado del Presidente de Rusia"},"content":{"rendered":"<blockquote>\n<p style=\"text-align: justify\"><span style=\"color: #993300\">El presidente al-Assad afirm\u00f3 que Estados Unidos y Occidente crearon una crisis pol\u00edtica y econ\u00f3mica a nivel internacional y provocaron un estado de inestabilidad global con el objetivo de socavar la posici\u00f3n y la presencia de Rusia en el escenario internacional.<\/span><\/p>\n<\/blockquote>\n<p style=\"text-align: justify\"><strong><span style=\"color: #800000\">Damasco, 25 jul (SANA)<\/span> <\/strong>El presidente Bashar Al-Assad, recibi\u00f3 hoy en esta capital a Alexander Lavrentiev, el enviado especial del Presidente de la Federaci\u00f3n Rusa.<\/p>\n<p style=\"text-align: justify\">Durante la reuni\u00f3n, el mandatario repas\u00f3 con el alto funcionario ruso la cuesti\u00f3n del retorno de los refugiados sirios y los pasos concretados en este campo, adem\u00e1s de las propuestas planteadas por algunos pa\u00edses \u00e1rabes y extranjeros para solucionar este expediente.<\/p>\n<p style=\"text-align: justify\">Ambas partes abordaron tambi\u00e9n la intransigencia turca en el tema de la retirada de sus fuerzas del territorio sirio, as\u00ed como el tema del ingreso de la ayuda humanitaria transfronteriza a los civiles sirios que viven en \u00e1reas controladas por organizaciones terroristas, de conformidad con las normas de soberan\u00eda y el derecho internacional humanitario.<\/p>\n<p style=\"text-align: justify\">El presidente al-Assad afirm\u00f3 que Estados Unidos y Occidente crearon una crisis pol\u00edtica y econ\u00f3mica a nivel internacional y provocaron un estado de inestabilidad global con el objetivo de socavar la posici\u00f3n y la presencia de Rusia en el escenario internacional.<\/p>\n<p style=\"text-align: justify\">Explic\u00f3 que Occidente utiliz\u00f3 a Ucrania como herramienta para lograr esta meta, sin embargo, los efectos econ\u00f3micos y sociales de esta crisis comenzaron a profundizarse en sus propios pa\u00edses.<\/p>\n<p style=\"text-align: justify\">El Gobernante destac\u00f3 que las firmes posturas de Rusia hacia Occidente y EEUU es uno de los factores m\u00e1s importantes que preludian el nacimiento de un mundo multipolar, al que aspiran todos los pa\u00edses y pueblos que respetan el derecho internacional y defienden su soberan\u00eda, independencia e interese nacionales<\/p>\n<p style=\"text-align: justify\">A su vez, Lavrentiev transmiti\u00f3 al presidente Al-Assad los saludos de su hom\u00f3logo ruso, Vladimir Putin, y reiter\u00f3 el constante apoyo de Rusia a Siria para mejorar la seguridad y la estabilidad del pueblo sirio.<\/p>\n<p style=\"text-align: justify\">Confirm\u00f3 la continua cooperaci\u00f3n entre los dos pa\u00edses para asegurar un retorno digno de los refugiados sirios y destac\u00f3 que Rusia y Siria est\u00e1n aferradas a la dimensi\u00f3n humanitaria del expediente de refugiados sirios y rechazan categ\u00f3ricamente todos los intentos de politizar este mismo.<\/p>\n<p style=\"text-align: justify\">la\/fm<\/p>\n","protected":false},"excerpt":{"rendered":"<p>El presidente al-Assad afirm\u00f3 que Estados Unidos y Occidente crearon una crisis pol\u00edtica y econ\u00f3mica a nivel internacional y provocaron un estado de inestabilidad global con el objetivo de socavar la posici\u00f3n y la presencia de Rusia en el escenario internacional. Damasco, 25 jul (SANA) El presidente Bashar Al-Assad, recibi\u00f3 hoy en esta capital a &hellip;<\/p>\n","protected":false},"author":24,"featured_media":304723,"comment_status":"closed","ping_status":"closed","sticky":false,"template":"","format":"standard","meta":{"footnotes":""},"categories":[477,597,476,16237,467,583,626],"tags":[],"class_list":["post-304721","post","type-post","status-publish","format-standard","has-post-thumbnail","","category-noticias-edulcorantes","category-cinta-de-noticias","category-locales","category-presidence-de-la-republique-arabe-syria","category-siria-y-el-mundo","category-slide","category-sr-presidente"],"_links":{"self":[{"href":"https:\/\/archive.sana.sy\/es\/index.php?rest_route=\/wp\/v2\/posts\/304721"}],"collection":[{"href":"https:\/\/archive.sana.sy\/es\/index.php?rest_route=\/wp\/v2\/posts"}],"about":[{"href":"https:\/\/archive.sana.sy\/es\/index.php?rest_route=\/wp\/v2\/types\/post"}],"author":[{"embeddable":true,"href":"https:\/\/archive.sana.sy\/es\/index.php?rest_route=\/wp\/v2\/users\/24"}],"replies":[{"embeddable":true,"href":"https:\/\/archive.sana.sy\/es\/index.php?rest_route=%2Fwp%2Fv2%2Fcomments&post=304721"}],"version-history":[{"count":2,"href":"https:\/\/archive.sana.sy\/es\/index.php?rest_route=\/wp\/v2\/posts\/304721\/revisions"}],"predecessor-version":[{"id":304724,"href":"https:\/\/archive.sana.sy\/es\/index.php?rest_route=\/wp\/v2\/posts\/304721\/revisions\/304724"}],"wp:featuredmedia":[{"embeddable":true,"href":"https:\/\/archive.sana.sy\/es\/index.php?rest_route=\/wp\/v2\/media\/304723"}],"wp:attachment":[{"href":"https:\/\/archive.sana.sy\/es\/index.php?rest_route=%2Fwp%2Fv2%2Fmedia&parent=304721"}],"wp:term":[{"taxonomy":"category","embeddable":true,"href":"https:\/\/archive.sana.sy\/es\/index.php?rest_route=%2Fwp%2Fv2%2Fcategories&post=304721"},{"taxonomy":"post_tag","embeddable":true,"href":"https:\/\/archive.sana.sy\/es\/index.php?rest_route=%2Fwp%2Fv2%2Ftags&post=304721"}],"curies":[{"name":"wp","href":"https:\/\/api.w.org\/{rel}","templated":true}]}}