{"id":304757,"date":"2023-07-26T13:41:57","date_gmt":"2023-07-26T10:41:57","guid":{"rendered":"https:\/\/sana.sy\/es\/?p=304757"},"modified":"2023-07-26T13:41:57","modified_gmt":"2023-07-26T10:41:57","slug":"putin-africa-es-clave-en-el-mundo-multipolar","status":"publish","type":"post","link":"https:\/\/archive.sana.sy\/es\/?p=304757","title":{"rendered":"Putin: \u00c1frica es clave en el mundo multipolar"},"content":{"rendered":"<blockquote>\n<p style=\"text-align: justify;\"><span style=\"color: #993300;\">Hizo hincapi\u00e9 en que el continente est\u00e1 logrando &#8220;cambios positivos&#8221; en diferentes sectores, como la producci\u00f3n, la agricultura, el transporte, la salud y la educaci\u00f3n, entre otros.<\/span><\/p>\n<\/blockquote>\n<p style=\"text-align: justify;\"><span style=\"color: #800000;\"><strong>Mosc\u00fa, 26 jul (SANA)<\/strong> <\/span>El presidente ruso, Vlad\u00edmir Putin, dijo hoy que &#8220;hoy en d\u00eda, \u00c1frica se afianza cada vez de manera m\u00e1s firme como uno de los polos del mundo multipolar emergente&#8221;.<\/p>\n<p style=\"text-align: justify;\">En un art\u00edculo escrito y dirigido a los participantes en la segunda cumbre Rusia-\u00c1frica que tendr\u00e1 lugar en San Petersburgo los d\u00edas 27 y 28 de julio, el mandatario explic\u00f3 que los debates se centrar\u00e1n en el intercambio de puntos de vista sobre el fortalecimiento de una asociaci\u00f3n multifac\u00e9tica.<\/p>\n<p style=\"text-align: justify;\">Hizo hincapi\u00e9 en que el continente est\u00e1 logrando &#8220;cambios positivos&#8221; en diferentes sectores, como la producci\u00f3n, la agricultura, el transporte, la salud y la educaci\u00f3n, entre otros.<\/p>\n<p style=\"text-align: justify;\">\u201cTenemos la intenci\u00f3n de desarrollarlo a\u00fan m\u00e1s: estimular el comercio, la inversi\u00f3n, profundizar la cooperaci\u00f3n, trabajar juntos en temas tan apremiantes como la lucha contra la pobreza, la formaci\u00f3n de personal moderno, la seguridad alimentaria y el cambio clim\u00e1tico\u201d, indica el mensaje del mandatario.<\/p>\n<p style=\"text-align: justify;\">fm\/as<\/p>\n","protected":false},"excerpt":{"rendered":"<p>Hizo hincapi\u00e9 en que el continente est\u00e1 logrando &#8220;cambios positivos&#8221; en diferentes sectores, como la producci\u00f3n, la agricultura, el transporte, la salud y la educaci\u00f3n, entre otros. Mosc\u00fa, 26 jul (SANA) El presidente ruso, Vlad\u00edmir Putin, dijo hoy que &#8220;hoy en d\u00eda, \u00c1frica se afianza cada vez de manera m\u00e1s firme como uno de los &hellip;<\/p>\n","protected":false},"author":42,"featured_media":304758,"comment_status":"closed","ping_status":"closed","sticky":false,"template":"","format":"standard","meta":{"footnotes":""},"categories":[597,456,16687,20724,7541],"tags":[],"class_list":["post-304757","post","type-post","status-publish","format-standard","has-post-thumbnail","","category-cinta-de-noticias","category-arabe-internacional-politica","category-internacionales","category-minuto-a-minuto","category-ultimas-noticias"],"_links":{"self":[{"href":"https:\/\/archive.sana.sy\/es\/index.php?rest_route=\/wp\/v2\/posts\/304757"}],"collection":[{"href":"https:\/\/archive.sana.sy\/es\/index.php?rest_route=\/wp\/v2\/posts"}],"about":[{"href":"https:\/\/archive.sana.sy\/es\/index.php?rest_route=\/wp\/v2\/types\/post"}],"author":[{"embeddable":true,"href":"https:\/\/archive.sana.sy\/es\/index.php?rest_route=\/wp\/v2\/users\/42"}],"replies":[{"embeddable":true,"href":"https:\/\/archive.sana.sy\/es\/index.php?rest_route=%2Fwp%2Fv2%2Fcomments&post=304757"}],"version-history":[{"count":1,"href":"https:\/\/archive.sana.sy\/es\/index.php?rest_route=\/wp\/v2\/posts\/304757\/revisions"}],"predecessor-version":[{"id":304759,"href":"https:\/\/archive.sana.sy\/es\/index.php?rest_route=\/wp\/v2\/posts\/304757\/revisions\/304759"}],"wp:featuredmedia":[{"embeddable":true,"href":"https:\/\/archive.sana.sy\/es\/index.php?rest_route=\/wp\/v2\/media\/304758"}],"wp:attachment":[{"href":"https:\/\/archive.sana.sy\/es\/index.php?rest_route=%2Fwp%2Fv2%2Fmedia&parent=304757"}],"wp:term":[{"taxonomy":"category","embeddable":true,"href":"https:\/\/archive.sana.sy\/es\/index.php?rest_route=%2Fwp%2Fv2%2Fcategories&post=304757"},{"taxonomy":"post_tag","embeddable":true,"href":"https:\/\/archive.sana.sy\/es\/index.php?rest_route=%2Fwp%2Fv2%2Ftags&post=304757"}],"curies":[{"name":"wp","href":"https:\/\/api.w.org\/{rel}","templated":true}]}}