{"id":304765,"date":"2023-07-26T15:32:09","date_gmt":"2023-07-26T12:32:09","guid":{"rendered":"https:\/\/sana.sy\/es\/?p=304765"},"modified":"2023-07-26T15:32:09","modified_gmt":"2023-07-26T12:32:09","slug":"pesistas-sirios-ganan-mas-de-150-medallas-en-la-copa-arabe","status":"publish","type":"post","link":"https:\/\/archive.sana.sy\/es\/?p=304765","title":{"rendered":"Pesistas sirios ganan m\u00e1s de 150 medallas en la Copa \u00c1rabe"},"content":{"rendered":"<blockquote>\n<p style=\"text-align: justify;\"><span style=\"color: #993300;\">El equipo sirio de fuerza f\u00edsica gan\u00f3 en la Copa \u00c1rabe 156 medallas consiguiendo el primer lugar en la categor\u00eda j\u00fanior y M\u00e1ster y M\u00e1ster II, y el segundo en las categor\u00edas masculina, femenina y juvenil y M\u00e1ster III, y tercero en las categor\u00edas j\u00fanior, juvenil y M\u00e1ster 1.<\/span><\/p>\n<\/blockquote>\n<p style=\"text-align: justify;\"><span style=\"color: #800000;\"><strong>Damasco, 26 jul (SANA)<\/strong> <\/span>La selecci\u00f3n siria de fuerza f\u00edsica demostr\u00f3 su val\u00eda a nivel \u00e1rabe despu\u00e9s de que sus integrantes, tanto hombres como mujeres, ganaran m\u00e1s de un centenar de medallas en el Campeonato de la Copa \u00c1rabe, que se celebr\u00f3 recientemente en la capital libanesa, Beirut.<\/p>\n<p style=\"text-align: justify;\">As\u00ed lo confirm\u00f3 el titular de la Uni\u00f3n de Fuerza F\u00edsica, Bilal Bahsas, quien asegur\u00f3 a SANA que el equipo sirio logr\u00f3 su objetivo en el Campeonato y comenz\u00f3 a prepararse para otros torneo, el pr\u00f3ximo ser\u00e1 el Campeonato Asi\u00e1tico de Universidades, que se llevar\u00e1 a cabo en los Emiratos \u00c1rabes Unidos el pr\u00f3ximo mes.<\/p>\n<p style=\"text-align: justify;\">El equipo sirio de fuerza f\u00edsica gan\u00f3 en la Copa \u00c1rabe 156 medallas consiguiendo el primer lugar en la categor\u00eda j\u00fanior y M\u00e1ster y M\u00e1ster II, y el segundo en las categor\u00edas masculina, femenina y juvenil y M\u00e1ster III, y tercero en las categor\u00edas j\u00fanior, juvenil y M\u00e1ster 1.<\/p>\n<p style=\"text-align: justify;\">fm\/as<\/p>\n","protected":false},"excerpt":{"rendered":"<p>El equipo sirio de fuerza f\u00edsica gan\u00f3 en la Copa \u00c1rabe 156 medallas consiguiendo el primer lugar en la categor\u00eda j\u00fanior y M\u00e1ster y M\u00e1ster II, y el segundo en las categor\u00edas masculina, femenina y juvenil y M\u00e1ster III, y tercero en las categor\u00edas j\u00fanior, juvenil y M\u00e1ster 1. Damasco, 26 jul (SANA) La selecci\u00f3n &hellip;<\/p>\n","protected":false},"author":42,"featured_media":304766,"comment_status":"closed","ping_status":"closed","sticky":false,"template":"","format":"standard","meta":{"footnotes":""},"categories":[597,494,20724,7541],"tags":[],"class_list":["post-304765","post","type-post","status-publish","format-standard","has-post-thumbnail","","category-cinta-de-noticias","category-deportes","category-minuto-a-minuto","category-ultimas-noticias"],"_links":{"self":[{"href":"https:\/\/archive.sana.sy\/es\/index.php?rest_route=\/wp\/v2\/posts\/304765"}],"collection":[{"href":"https:\/\/archive.sana.sy\/es\/index.php?rest_route=\/wp\/v2\/posts"}],"about":[{"href":"https:\/\/archive.sana.sy\/es\/index.php?rest_route=\/wp\/v2\/types\/post"}],"author":[{"embeddable":true,"href":"https:\/\/archive.sana.sy\/es\/index.php?rest_route=\/wp\/v2\/users\/42"}],"replies":[{"embeddable":true,"href":"https:\/\/archive.sana.sy\/es\/index.php?rest_route=%2Fwp%2Fv2%2Fcomments&post=304765"}],"version-history":[{"count":1,"href":"https:\/\/archive.sana.sy\/es\/index.php?rest_route=\/wp\/v2\/posts\/304765\/revisions"}],"predecessor-version":[{"id":304767,"href":"https:\/\/archive.sana.sy\/es\/index.php?rest_route=\/wp\/v2\/posts\/304765\/revisions\/304767"}],"wp:featuredmedia":[{"embeddable":true,"href":"https:\/\/archive.sana.sy\/es\/index.php?rest_route=\/wp\/v2\/media\/304766"}],"wp:attachment":[{"href":"https:\/\/archive.sana.sy\/es\/index.php?rest_route=%2Fwp%2Fv2%2Fmedia&parent=304765"}],"wp:term":[{"taxonomy":"category","embeddable":true,"href":"https:\/\/archive.sana.sy\/es\/index.php?rest_route=%2Fwp%2Fv2%2Fcategories&post=304765"},{"taxonomy":"post_tag","embeddable":true,"href":"https:\/\/archive.sana.sy\/es\/index.php?rest_route=%2Fwp%2Fv2%2Ftags&post=304765"}],"curies":[{"name":"wp","href":"https:\/\/api.w.org\/{rel}","templated":true}]}}