{"id":304772,"date":"2023-07-26T16:59:18","date_gmt":"2023-07-26T13:59:18","guid":{"rendered":"https:\/\/sana.sy\/es\/?p=304772"},"modified":"2023-07-26T16:59:18","modified_gmt":"2023-07-26T13:59:18","slug":"siria-solidaria-con-argelia-ante-incendios-forestales","status":"publish","type":"post","link":"https:\/\/archive.sana.sy\/es\/?p=304772","title":{"rendered":"Siria solidaria con Argelia ante incendios forestales"},"content":{"rendered":"<blockquote>\n<p style=\"text-align: justify\"><span style=\"color: #993300\">Esta postura fue expresada por el Ministerio de Asuntos Exteriores en un comunicado emitido hoy, en el que expres\u00f3 la solidaridad del pueblo, liderazgo y gobierno de Siria con el hermano pueblo argelino y las familias de las v\u00edctimas y heridos.<\/span><\/p>\n<\/blockquote>\n<p style=\"text-align: justify\"><span style=\"color: #800000\"><strong>Damasco, 26 jul (SANA)<\/strong> <\/span>El gobierno sirio extendi\u00f3 hoy sus m\u00e1s sentidas condolencias al pueblo argelino por las v\u00edctimas y da\u00f1os causados por los incendios forestales.<\/p>\n<p style=\"text-align: justify\">Esta postura fue expresada por el Ministerio de Asuntos Exteriores en un comunicado emitido hoy, en el que expres\u00f3 la solidaridad del pueblo, liderazgo y gobierno de Siria con el hermano pueblo argelino y las familias de las v\u00edctimas y heridos.<\/p>\n<p style=\"text-align: justify\">El texto expres\u00f3 la confianza en la capacidad de la hermana Rep\u00fablica de Argelia de superar este doloroso siniestro.<\/p>\n<p style=\"text-align: justify\">El n\u00famero de muertos por los incendios que estallaron en varios estados de Argelia se elev\u00f3 a 34, incluidos 10 efectivos del ej\u00e9rcito, mientras cientos resultaron heridos.<\/p>\n<p style=\"text-align: justify\">\nfm\/la<\/p>\n","protected":false},"excerpt":{"rendered":"<p>Esta postura fue expresada por el Ministerio de Asuntos Exteriores en un comunicado emitido hoy, en el que expres\u00f3 la solidaridad del pueblo, liderazgo y gobierno de Siria con el hermano pueblo argelino y las familias de las v\u00edctimas y heridos. Damasco, 26 jul (SANA) El gobierno sirio extendi\u00f3 hoy sus m\u00e1s sentidas condolencias al &hellip;<\/p>\n","protected":false},"author":24,"featured_media":304773,"comment_status":"closed","ping_status":"closed","sticky":false,"template":"","format":"standard","meta":{"footnotes":""},"categories":[447,597,20724,448,467,583],"tags":[6867,22296,6553],"class_list":["post-304772","post","type-post","status-publish","format-standard","has-post-thumbnail","","category-local-politica","category-cinta-de-noticias","category-minuto-a-minuto","category-noticias","category-siria-y-el-mundo","category-slide","tag-argelia","tag-incendios","tag-siria"],"_links":{"self":[{"href":"https:\/\/archive.sana.sy\/es\/index.php?rest_route=\/wp\/v2\/posts\/304772"}],"collection":[{"href":"https:\/\/archive.sana.sy\/es\/index.php?rest_route=\/wp\/v2\/posts"}],"about":[{"href":"https:\/\/archive.sana.sy\/es\/index.php?rest_route=\/wp\/v2\/types\/post"}],"author":[{"embeddable":true,"href":"https:\/\/archive.sana.sy\/es\/index.php?rest_route=\/wp\/v2\/users\/24"}],"replies":[{"embeddable":true,"href":"https:\/\/archive.sana.sy\/es\/index.php?rest_route=%2Fwp%2Fv2%2Fcomments&post=304772"}],"version-history":[{"count":1,"href":"https:\/\/archive.sana.sy\/es\/index.php?rest_route=\/wp\/v2\/posts\/304772\/revisions"}],"predecessor-version":[{"id":304774,"href":"https:\/\/archive.sana.sy\/es\/index.php?rest_route=\/wp\/v2\/posts\/304772\/revisions\/304774"}],"wp:featuredmedia":[{"embeddable":true,"href":"https:\/\/archive.sana.sy\/es\/index.php?rest_route=\/wp\/v2\/media\/304773"}],"wp:attachment":[{"href":"https:\/\/archive.sana.sy\/es\/index.php?rest_route=%2Fwp%2Fv2%2Fmedia&parent=304772"}],"wp:term":[{"taxonomy":"category","embeddable":true,"href":"https:\/\/archive.sana.sy\/es\/index.php?rest_route=%2Fwp%2Fv2%2Fcategories&post=304772"},{"taxonomy":"post_tag","embeddable":true,"href":"https:\/\/archive.sana.sy\/es\/index.php?rest_route=%2Fwp%2Fv2%2Ftags&post=304772"}],"curies":[{"name":"wp","href":"https:\/\/api.w.org\/{rel}","templated":true}]}}