{"id":304821,"date":"2023-07-27T17:10:56","date_gmt":"2023-07-27T14:10:56","guid":{"rendered":"https:\/\/sana.sy\/es\/?p=304821"},"modified":"2023-07-27T17:48:37","modified_gmt":"2023-07-27T14:48:37","slug":"drones-y-minas-de-los-terroristas-obstaculizan-labor-de-extincion-de-incendios-en-latakia","status":"publish","type":"post","link":"https:\/\/archive.sana.sy\/es\/?p=304821","title":{"rendered":"Drones y minas de los terroristas obstaculizan labor de extinci\u00f3n de incendios en Latakia"},"content":{"rendered":"<blockquote>\n<p style=\"text-align: justify;\"><span style=\"color: #993300;\">\u00a0Tres integrantes de la defensa civil resultaron heridos tras sufrir quemaduras moderadas, y fueron trasladados a los hospitales para recibir tratamiento.<\/span><\/p>\n<\/blockquote>\n<p style=\"text-align: justify;\"><span style=\"color: #800000;\"><strong>Latakia, 27 jul (SANA)\u00a0<\/strong> <\/span>\u00a0Los grupos terroristas desplegados en el noroeste de la provincia septentrional de Idlib siguen atacando con cohetes, balas explosivas y drones, los bosques y tierras agr\u00edcolas en el norte de Latakia.<\/p>\n<p style=\"text-align: justify;\">El objetivo de los radicales es generar incendios y obstaculizar la labor de los equipos de bomberos y residentes de la zona en la extinci\u00f3n de incendios.<\/p>\n<p style=\"text-align: justify;\">El director de Defensa Civil en la Gobernaci\u00f3n de Latakia, el general de brigada Jalal Daoud, declar\u00f3 a SANA que \u201clo que m\u00e1s obstaculiza el trabajo de los bomberos son las organizaciones terroristas en las \u00e1reas adyacentes, que disparan proyectiles de morteros, drones y balas explosivas contra los bomberos durante los operativos de extinci\u00f3n de incendios.<\/p>\n<p style=\"text-align: justify;\">Daoud se\u00f1al\u00f3 que los drones de los terroristas, y las minas sembradas que explotaron debido a los incendios agravaron la situaci\u00f3n al impedir el movimiento de los bomberos.<\/p>\n<p style=\"text-align: justify;\">A su vez, el director de la Defensa Civil afirm\u00f3 que a pesar de los ataques de las organizaciones terroristas, los cuerpos de bomberos no cesaron su labor y se mueven con mucho cuidado para evitar los proyectiles y minas, y los drones que arrojan explosivos.<\/p>\n<p style=\"text-align: justify;\">Revel\u00f3 que tres miembros de la defensa civil resultaron heridos tras sufrir quemaduras moderadas, y fueron trasladados a hospitales para recibir tratamiento.<\/p>\n<div id='gallery-1' class='gallery galleryid-304821 gallery-columns-1 gallery-size-full'><figure class='gallery-item'>\n\t\t\t<div class='gallery-icon landscape'>\n\t\t\t\t<a href='https:\/\/archive.sana.sy\/es\/wp-content\/uploads\/2023\/07\/photo_2023-07-27_13-06-07.jpg'><img loading=\"lazy\" decoding=\"async\" width=\"1280\" height=\"853\" src=\"https:\/\/archive.sana.sy\/es\/wp-content\/uploads\/2023\/07\/photo_2023-07-27_13-06-07.jpg\" class=\"attachment-full size-full\" alt=\"\" srcset=\"https:\/\/archive.sana.sy\/es\/wp-content\/uploads\/2023\/07\/photo_2023-07-27_13-06-07.jpg 1280w, https:\/\/archive.sana.sy\/es\/wp-content\/uploads\/2023\/07\/photo_2023-07-27_13-06-07-300x200.jpg 300w, https:\/\/archive.sana.sy\/es\/wp-content\/uploads\/2023\/07\/photo_2023-07-27_13-06-07-1024x682.jpg 1024w, https:\/\/archive.sana.sy\/es\/wp-content\/uploads\/2023\/07\/photo_2023-07-27_13-06-07-150x100.jpg 150w, https:\/\/archive.sana.sy\/es\/wp-content\/uploads\/2023\/07\/photo_2023-07-27_13-06-07-768x512.jpg 768w\" sizes=\"(max-width: 1280px) 100vw, 1280px\" \/><\/a>\n\t\t\t<\/div><\/figure><figure class='gallery-item'>\n\t\t\t<div class='gallery-icon landscape'>\n\t\t\t\t<a href='https:\/\/archive.sana.sy\/es\/wp-content\/uploads\/2023\/07\/photo_2023-07-27_13-06-11.jpg'><img loading=\"lazy\" decoding=\"async\" width=\"1280\" height=\"853\" src=\"https:\/\/archive.sana.sy\/es\/wp-content\/uploads\/2023\/07\/photo_2023-07-27_13-06-11.jpg\" class=\"attachment-full size-full\" alt=\"\" srcset=\"https:\/\/archive.sana.sy\/es\/wp-content\/uploads\/2023\/07\/photo_2023-07-27_13-06-11.jpg 1280w, https:\/\/archive.sana.sy\/es\/wp-content\/uploads\/2023\/07\/photo_2023-07-27_13-06-11-300x200.jpg 300w, https:\/\/archive.sana.sy\/es\/wp-content\/uploads\/2023\/07\/photo_2023-07-27_13-06-11-1024x682.jpg 1024w, https:\/\/archive.sana.sy\/es\/wp-content\/uploads\/2023\/07\/photo_2023-07-27_13-06-11-150x100.jpg 150w, https:\/\/archive.sana.sy\/es\/wp-content\/uploads\/2023\/07\/photo_2023-07-27_13-06-11-768x512.jpg 768w\" sizes=\"(max-width: 1280px) 100vw, 1280px\" \/><\/a>\n\t\t\t<\/div><\/figure><figure class='gallery-item'>\n\t\t\t<div class='gallery-icon landscape'>\n\t\t\t\t<a href='https:\/\/archive.sana.sy\/es\/wp-content\/uploads\/2023\/07\/photo_2023-07-27_13-06-09.jpg'><img loading=\"lazy\" decoding=\"async\" width=\"1280\" height=\"853\" src=\"https:\/\/archive.sana.sy\/es\/wp-content\/uploads\/2023\/07\/photo_2023-07-27_13-06-09.jpg\" class=\"attachment-full size-full\" alt=\"\" srcset=\"https:\/\/archive.sana.sy\/es\/wp-content\/uploads\/2023\/07\/photo_2023-07-27_13-06-09.jpg 1280w, https:\/\/archive.sana.sy\/es\/wp-content\/uploads\/2023\/07\/photo_2023-07-27_13-06-09-300x200.jpg 300w, https:\/\/archive.sana.sy\/es\/wp-content\/uploads\/2023\/07\/photo_2023-07-27_13-06-09-1024x682.jpg 1024w, https:\/\/archive.sana.sy\/es\/wp-content\/uploads\/2023\/07\/photo_2023-07-27_13-06-09-150x100.jpg 150w, https:\/\/archive.sana.sy\/es\/wp-content\/uploads\/2023\/07\/photo_2023-07-27_13-06-09-768x512.jpg 768w\" sizes=\"(max-width: 1280px) 100vw, 1280px\" \/><\/a>\n\t\t\t<\/div><\/figure><figure class='gallery-item'>\n\t\t\t<div class='gallery-icon landscape'>\n\t\t\t\t<a href='https:\/\/archive.sana.sy\/es\/wp-content\/uploads\/2023\/07\/photo_2023-07-27_13-06-12.jpg'><img loading=\"lazy\" decoding=\"async\" width=\"1280\" height=\"853\" src=\"https:\/\/archive.sana.sy\/es\/wp-content\/uploads\/2023\/07\/photo_2023-07-27_13-06-12.jpg\" class=\"attachment-full size-full\" alt=\"\" srcset=\"https:\/\/archive.sana.sy\/es\/wp-content\/uploads\/2023\/07\/photo_2023-07-27_13-06-12.jpg 1280w, https:\/\/archive.sana.sy\/es\/wp-content\/uploads\/2023\/07\/photo_2023-07-27_13-06-12-300x200.jpg 300w, https:\/\/archive.sana.sy\/es\/wp-content\/uploads\/2023\/07\/photo_2023-07-27_13-06-12-1024x682.jpg 1024w, https:\/\/archive.sana.sy\/es\/wp-content\/uploads\/2023\/07\/photo_2023-07-27_13-06-12-150x100.jpg 150w, https:\/\/archive.sana.sy\/es\/wp-content\/uploads\/2023\/07\/photo_2023-07-27_13-06-12-768x512.jpg 768w\" sizes=\"(max-width: 1280px) 100vw, 1280px\" \/><\/a>\n\t\t\t<\/div><\/figure>\n\t\t<\/div>\n\n<p style=\"text-align: justify;\">fm\/ed<\/p>\n","protected":false},"excerpt":{"rendered":"<p>\u00a0Tres integrantes de la defensa civil resultaron heridos tras sufrir quemaduras moderadas, y fueron trasladados a los hospitales para recibir tratamiento. Latakia, 27 jul (SANA)\u00a0 \u00a0Los grupos terroristas desplegados en el noroeste de la provincia septentrional de Idlib siguen atacando con cohetes, balas explosivas y drones, los bosques y tierras agr\u00edcolas en el norte de &hellip;<\/p>\n","protected":false},"author":32,"featured_media":304827,"comment_status":"closed","ping_status":"closed","sticky":false,"template":"","format":"standard","meta":{"footnotes":""},"categories":[597,20724,476,583],"tags":[],"class_list":["post-304821","post","type-post","status-publish","format-standard","has-post-thumbnail","","category-cinta-de-noticias","category-minuto-a-minuto","category-locales","category-slide"],"_links":{"self":[{"href":"https:\/\/archive.sana.sy\/es\/index.php?rest_route=\/wp\/v2\/posts\/304821"}],"collection":[{"href":"https:\/\/archive.sana.sy\/es\/index.php?rest_route=\/wp\/v2\/posts"}],"about":[{"href":"https:\/\/archive.sana.sy\/es\/index.php?rest_route=\/wp\/v2\/types\/post"}],"author":[{"embeddable":true,"href":"https:\/\/archive.sana.sy\/es\/index.php?rest_route=\/wp\/v2\/users\/32"}],"replies":[{"embeddable":true,"href":"https:\/\/archive.sana.sy\/es\/index.php?rest_route=%2Fwp%2Fv2%2Fcomments&post=304821"}],"version-history":[{"count":2,"href":"https:\/\/archive.sana.sy\/es\/index.php?rest_route=\/wp\/v2\/posts\/304821\/revisions"}],"predecessor-version":[{"id":304871,"href":"https:\/\/archive.sana.sy\/es\/index.php?rest_route=\/wp\/v2\/posts\/304821\/revisions\/304871"}],"wp:featuredmedia":[{"embeddable":true,"href":"https:\/\/archive.sana.sy\/es\/index.php?rest_route=\/wp\/v2\/media\/304827"}],"wp:attachment":[{"href":"https:\/\/archive.sana.sy\/es\/index.php?rest_route=%2Fwp%2Fv2%2Fmedia&parent=304821"}],"wp:term":[{"taxonomy":"category","embeddable":true,"href":"https:\/\/archive.sana.sy\/es\/index.php?rest_route=%2Fwp%2Fv2%2Fcategories&post=304821"},{"taxonomy":"post_tag","embeddable":true,"href":"https:\/\/archive.sana.sy\/es\/index.php?rest_route=%2Fwp%2Fv2%2Ftags&post=304821"}],"curies":[{"name":"wp","href":"https:\/\/api.w.org\/{rel}","templated":true}]}}