{"id":304829,"date":"2023-07-27T13:21:16","date_gmt":"2023-07-27T10:21:16","guid":{"rendered":"https:\/\/sana.sy\/es\/?p=304829"},"modified":"2023-07-27T13:21:16","modified_gmt":"2023-07-27T10:21:16","slug":"siria-recibe-nuevo-lote-de-ayuda-humanitaria-jordana","status":"publish","type":"post","link":"https:\/\/archive.sana.sy\/es\/?p=304829","title":{"rendered":"Siria recibe nuevo lote de ayuda humanitaria jordana"},"content":{"rendered":"<p style=\"text-align: justify;\">\u00a0<span style=\"color: #800000;\"><strong>Deraa, 27 jul (SANA)<\/strong> <\/span>La Media Luna Roja \u00c1rabe Siria (MLRAS) recibi\u00f3 hoy un nuevo convoy de ayuda humanitaria jordana, que ingres\u00f3 al pa\u00eds por el cruce fronterizo de Nassib.<\/p>\n<p style=\"text-align: justify;\">El jefe de la sucursal de la MLRAS en la provincia de Deraa, Ahmed Al-Masalmeh, declar\u00f3 a SANA que los camiones de la caravana est\u00e1n cargados de materiales de socorro, ropas, alimentos e insumos m\u00e9dicos ofrecidos todos de la Organizaci\u00f3n Ben\u00e9fica Hachemita y el Gobierno de Jordania.<\/p>\n<p style=\"text-align: justify;\"><a href=\"http:\/\/sana.sy\/es\/wp-content\/uploads\/2023\/07\/photo_2023-07-27_13-17-30.jpg\"><img loading=\"lazy\" decoding=\"async\" class=\" wp-image-304830 alignleft\" src=\"http:\/\/sana.sy\/es\/wp-content\/uploads\/2023\/07\/photo_2023-07-27_13-17-30.jpg\" alt=\"\" width=\"293\" height=\"195\" srcset=\"https:\/\/archive.sana.sy\/es\/wp-content\/uploads\/2023\/07\/photo_2023-07-27_13-17-30.jpg 1280w, https:\/\/archive.sana.sy\/es\/wp-content\/uploads\/2023\/07\/photo_2023-07-27_13-17-30-300x200.jpg 300w, https:\/\/archive.sana.sy\/es\/wp-content\/uploads\/2023\/07\/photo_2023-07-27_13-17-30-1024x682.jpg 1024w, https:\/\/archive.sana.sy\/es\/wp-content\/uploads\/2023\/07\/photo_2023-07-27_13-17-30-150x100.jpg 150w, https:\/\/archive.sana.sy\/es\/wp-content\/uploads\/2023\/07\/photo_2023-07-27_13-17-30-768x512.jpg 768w, https:\/\/archive.sana.sy\/es\/wp-content\/uploads\/2023\/07\/photo_2023-07-27_13-17-30-310x205.jpg 310w\" sizes=\"(max-width: 293px) 100vw, 293px\" \/><\/a>Cinco camiones se destinar\u00e1n a Latakia, seis a Alepo y tres en Damasco, donde esta ayuda ser\u00e1 distribuida, indic\u00f3.<\/p>\n<p style=\"text-align: justify;\">Por su parte, el director del Centro Fronterizo de Nasib, Shadi Abazid, declar\u00f3 que el convoy incluye 14 camiones que transportan alimentos, material m\u00e9dico y ropas.<\/p>\n<p style=\"text-align: justify;\">Asegur\u00f3 que el personal del Centro brinda todas las facilidades para los convoyes de ayuda, y aclar\u00f3 que los camiones se descargan y su contenido se trasladan a camiones de la Media Luna Roja \u00c1rabe Siria.<\/p>\n<p style=\"text-align: justify;\">fm\/ed<\/p>\n","protected":false},"excerpt":{"rendered":"<p>\u00a0Deraa, 27 jul (SANA) La Media Luna Roja \u00c1rabe Siria (MLRAS) recibi\u00f3 hoy un nuevo convoy de ayuda humanitaria jordana, que ingres\u00f3 al pa\u00eds por el cruce fronterizo de Nassib. El jefe de la sucursal de la MLRAS en la provincia de Deraa, Ahmed Al-Masalmeh, declar\u00f3 a SANA que los camiones de la caravana est\u00e1n &hellip;<\/p>\n","protected":false},"author":32,"featured_media":304831,"comment_status":"closed","ping_status":"closed","sticky":false,"template":"","format":"standard","meta":{"footnotes":""},"categories":[477,597,20724,476,7541],"tags":[],"class_list":["post-304829","post","type-post","status-publish","format-standard","has-post-thumbnail","","category-noticias-edulcorantes","category-cinta-de-noticias","category-minuto-a-minuto","category-locales","category-ultimas-noticias"],"_links":{"self":[{"href":"https:\/\/archive.sana.sy\/es\/index.php?rest_route=\/wp\/v2\/posts\/304829"}],"collection":[{"href":"https:\/\/archive.sana.sy\/es\/index.php?rest_route=\/wp\/v2\/posts"}],"about":[{"href":"https:\/\/archive.sana.sy\/es\/index.php?rest_route=\/wp\/v2\/types\/post"}],"author":[{"embeddable":true,"href":"https:\/\/archive.sana.sy\/es\/index.php?rest_route=\/wp\/v2\/users\/32"}],"replies":[{"embeddable":true,"href":"https:\/\/archive.sana.sy\/es\/index.php?rest_route=%2Fwp%2Fv2%2Fcomments&post=304829"}],"version-history":[{"count":1,"href":"https:\/\/archive.sana.sy\/es\/index.php?rest_route=\/wp\/v2\/posts\/304829\/revisions"}],"predecessor-version":[{"id":304832,"href":"https:\/\/archive.sana.sy\/es\/index.php?rest_route=\/wp\/v2\/posts\/304829\/revisions\/304832"}],"wp:featuredmedia":[{"embeddable":true,"href":"https:\/\/archive.sana.sy\/es\/index.php?rest_route=\/wp\/v2\/media\/304831"}],"wp:attachment":[{"href":"https:\/\/archive.sana.sy\/es\/index.php?rest_route=%2Fwp%2Fv2%2Fmedia&parent=304829"}],"wp:term":[{"taxonomy":"category","embeddable":true,"href":"https:\/\/archive.sana.sy\/es\/index.php?rest_route=%2Fwp%2Fv2%2Fcategories&post=304829"},{"taxonomy":"post_tag","embeddable":true,"href":"https:\/\/archive.sana.sy\/es\/index.php?rest_route=%2Fwp%2Fv2%2Ftags&post=304829"}],"curies":[{"name":"wp","href":"https:\/\/api.w.org\/{rel}","templated":true}]}}