{"id":304833,"date":"2023-07-27T14:21:22","date_gmt":"2023-07-27T11:21:22","guid":{"rendered":"https:\/\/sana.sy\/es\/?p=304833"},"modified":"2023-07-27T14:21:29","modified_gmt":"2023-07-27T11:21:29","slug":"mas-de-mil-colonos-profanan-la-mezquita-al-aqsa","status":"publish","type":"post","link":"https:\/\/archive.sana.sy\/es\/?p=304833","title":{"rendered":"M\u00e1s de mil colonos profanan la mezquita Al-Aqsa"},"content":{"rendered":"<blockquote>\n<p style=\"text-align: justify;\"><span style=\"color: #993300;\">Los medios palestinos publicaron que m\u00e1s de mil 700 de colonos, entre ellos los dos ministros del gobierno de ocupaci\u00f3n, Itamar Ben Gvir y Yitzhak Verslov, y miembros de la Knesset, ingresaron en el santo lugar por la Puerta de Maghariba y realizaron recorridos provocativos en sus patios, custodiados por las fuerzas de ocupaci\u00f3n.<\/span><\/p>\n<\/blockquote>\n<p style=\"text-align: justify;\"><span style=\"color: #800000;\"><strong>Jerusal\u00e9n ocupada, 27 jul (SANA)\u00a0<\/strong> \u00a0<\/span>M\u00e1s de mil colonos israel\u00edes irrumpieron en la sagrada mezquita al-Aqsa en Jerusal\u00e9n ocupada, bajo protecci\u00f3n de las fuerzas de ocupaci\u00f3n israel\u00edes que intensificaron su presencia en sus explanadas e impusieron severas restricciones sobre la entrada de los palestinos.<\/p>\n<p style=\"text-align: justify;\">Los medios palestinos publicaron que m\u00e1s de mil 700 de colonos, entre ellos los dos ministros del gobierno de ocupaci\u00f3n, Itamar Ben Gvir y Yitzhak Verslov, y miembros de la Knesset, ingresaron en el santo lugar por la Puerta de Maghariba y realizaron recorridos provocativos en sus patios, custodiados por las fuerzas de ocupaci\u00f3n.<\/p>\n<p style=\"text-align: justify;\">La v\u00edspera, los colonos asaltaron la plaza Al-Buraq, adyacente al Muro Occidental de Al-Aqsa, y realizaron recorridos provocativos por los callejones de la Antigua ciudad de Jerusal\u00e9n.<\/p>\n<p style=\"text-align: justify;\">Por su parte, el Ministerio de Asuntos Exteriores palestino conden\u00f3 el asalto de los colonos a la mezquita e indic\u00f3 la participaci\u00f3n del ministro Itamar Ben Gvir y funcionarios del ocupante israel\u00ed en esta acci\u00f3n hostil muestra la grave embestida que enfrenta la Mezquita Al-Aqsa.<\/p>\n<p style=\"text-align: justify;\">Denunci\u00f3 que \u201cIsrael\u201d impone cambios en la realidad hist\u00f3rica y legal de Jerusal\u00e9n como parte de su pol\u00edtica de judaizaci\u00f3n y de cambiar la identidad de la ciudad.<\/p>\n<p style=\"text-align: justify;\">ed\/fm<\/p>\n","protected":false},"excerpt":{"rendered":"<p>Los medios palestinos publicaron que m\u00e1s de mil 700 de colonos, entre ellos los dos ministros del gobierno de ocupaci\u00f3n, Itamar Ben Gvir y Yitzhak Verslov, y miembros de la Knesset, ingresaron en el santo lugar por la Puerta de Maghariba y realizaron recorridos provocativos en sus patios, custodiados por las fuerzas de ocupaci\u00f3n. Jerusal\u00e9n &hellip;<\/p>\n","protected":false},"author":32,"featured_media":304834,"comment_status":"closed","ping_status":"closed","sticky":false,"template":"","format":"standard","meta":{"footnotes":""},"categories":[597,456,16687,20724,583],"tags":[],"class_list":["post-304833","post","type-post","status-publish","format-standard","has-post-thumbnail","","category-cinta-de-noticias","category-arabe-internacional-politica","category-internacionales","category-minuto-a-minuto","category-slide"],"_links":{"self":[{"href":"https:\/\/archive.sana.sy\/es\/index.php?rest_route=\/wp\/v2\/posts\/304833"}],"collection":[{"href":"https:\/\/archive.sana.sy\/es\/index.php?rest_route=\/wp\/v2\/posts"}],"about":[{"href":"https:\/\/archive.sana.sy\/es\/index.php?rest_route=\/wp\/v2\/types\/post"}],"author":[{"embeddable":true,"href":"https:\/\/archive.sana.sy\/es\/index.php?rest_route=\/wp\/v2\/users\/32"}],"replies":[{"embeddable":true,"href":"https:\/\/archive.sana.sy\/es\/index.php?rest_route=%2Fwp%2Fv2%2Fcomments&post=304833"}],"version-history":[{"count":2,"href":"https:\/\/archive.sana.sy\/es\/index.php?rest_route=\/wp\/v2\/posts\/304833\/revisions"}],"predecessor-version":[{"id":304836,"href":"https:\/\/archive.sana.sy\/es\/index.php?rest_route=\/wp\/v2\/posts\/304833\/revisions\/304836"}],"wp:featuredmedia":[{"embeddable":true,"href":"https:\/\/archive.sana.sy\/es\/index.php?rest_route=\/wp\/v2\/media\/304834"}],"wp:attachment":[{"href":"https:\/\/archive.sana.sy\/es\/index.php?rest_route=%2Fwp%2Fv2%2Fmedia&parent=304833"}],"wp:term":[{"taxonomy":"category","embeddable":true,"href":"https:\/\/archive.sana.sy\/es\/index.php?rest_route=%2Fwp%2Fv2%2Fcategories&post=304833"},{"taxonomy":"post_tag","embeddable":true,"href":"https:\/\/archive.sana.sy\/es\/index.php?rest_route=%2Fwp%2Fv2%2Ftags&post=304833"}],"curies":[{"name":"wp","href":"https:\/\/api.w.org\/{rel}","templated":true}]}}