{"id":304838,"date":"2023-07-27T15:01:50","date_gmt":"2023-07-27T12:01:50","guid":{"rendered":"https:\/\/sana.sy\/es\/?p=304838"},"modified":"2023-07-27T15:01:50","modified_gmt":"2023-07-27T12:01:50","slug":"reportan-muerte-de-un-efectivo-de-defensa-civil-durante-los-incendios-en-latakia","status":"publish","type":"post","link":"https:\/\/archive.sana.sy\/es\/?p=304838","title":{"rendered":"Reportan muerte de un efectivo de Defensa Civil durante los incendios en Latakia"},"content":{"rendered":"<p style=\"text-align: justify;\"><span style=\"color: #800000;\"><strong>Latakia, 27 jul (SANA)<\/strong><\/span> Un integrante del Cuerpo de Defensa Civil perdi\u00f3 la vida hoy y otros dos resultaron heridos por el accidente de su veh\u00edculo mientras participaban en la extinci\u00f3n de los incendios que asolan el norte de la provincia costera siria de Latakia.<\/p>\n<p style=\"text-align: justify;\">El director de Defensa Civil, el general de brigada Jalal Daoud, declar\u00f3 a SANA que los bomberos se dirig\u00edan al \u00e1rea Deir Hanna tras solicitar apoyo para evitar que el fuego llegara a las casas.<\/p>\n<p style=\"text-align: justify;\">La v\u00edspera, tres integrantes de la Defensa Civil sufrieron quemaduras moderadas mientras realizaban su trabajo en la extinci\u00f3n de incendios en Latakia.<\/p>\n<p style=\"text-align: justify;\">fm\/sm<\/p>\n<p style=\"text-align: justify;\">\n","protected":false},"excerpt":{"rendered":"<p>Latakia, 27 jul (SANA) Un integrante del Cuerpo de Defensa Civil perdi\u00f3 la vida hoy y otros dos resultaron heridos por el accidente de su veh\u00edculo mientras participaban en la extinci\u00f3n de los incendios que asolan el norte de la provincia costera siria de Latakia. El director de Defensa Civil, el general de brigada Jalal &hellip;<\/p>\n","protected":false},"author":39,"featured_media":304839,"comment_status":"closed","ping_status":"closed","sticky":false,"template":"","format":"standard","meta":{"footnotes":""},"categories":[477,597,573,20724,476,7541],"tags":[22296,2547],"class_list":["post-304838","post","type-post","status-publish","format-standard","has-post-thumbnail","","category-noticias-edulcorantes","category-cinta-de-noticias","category-la-realidad-de-los-acontecimientos-en-siria","category-minuto-a-minuto","category-locales","category-ultimas-noticias","tag-incendios","tag-latakia"],"_links":{"self":[{"href":"https:\/\/archive.sana.sy\/es\/index.php?rest_route=\/wp\/v2\/posts\/304838"}],"collection":[{"href":"https:\/\/archive.sana.sy\/es\/index.php?rest_route=\/wp\/v2\/posts"}],"about":[{"href":"https:\/\/archive.sana.sy\/es\/index.php?rest_route=\/wp\/v2\/types\/post"}],"author":[{"embeddable":true,"href":"https:\/\/archive.sana.sy\/es\/index.php?rest_route=\/wp\/v2\/users\/39"}],"replies":[{"embeddable":true,"href":"https:\/\/archive.sana.sy\/es\/index.php?rest_route=%2Fwp%2Fv2%2Fcomments&post=304838"}],"version-history":[{"count":1,"href":"https:\/\/archive.sana.sy\/es\/index.php?rest_route=\/wp\/v2\/posts\/304838\/revisions"}],"predecessor-version":[{"id":304840,"href":"https:\/\/archive.sana.sy\/es\/index.php?rest_route=\/wp\/v2\/posts\/304838\/revisions\/304840"}],"wp:featuredmedia":[{"embeddable":true,"href":"https:\/\/archive.sana.sy\/es\/index.php?rest_route=\/wp\/v2\/media\/304839"}],"wp:attachment":[{"href":"https:\/\/archive.sana.sy\/es\/index.php?rest_route=%2Fwp%2Fv2%2Fmedia&parent=304838"}],"wp:term":[{"taxonomy":"category","embeddable":true,"href":"https:\/\/archive.sana.sy\/es\/index.php?rest_route=%2Fwp%2Fv2%2Fcategories&post=304838"},{"taxonomy":"post_tag","embeddable":true,"href":"https:\/\/archive.sana.sy\/es\/index.php?rest_route=%2Fwp%2Fv2%2Ftags&post=304838"}],"curies":[{"name":"wp","href":"https:\/\/api.w.org\/{rel}","templated":true}]}}