{"id":304841,"date":"2023-07-27T15:15:43","date_gmt":"2023-07-27T12:15:43","guid":{"rendered":"https:\/\/sana.sy\/es\/?p=304841"},"modified":"2023-07-27T15:18:27","modified_gmt":"2023-07-27T12:18:27","slug":"rusia-ataca-aerodromos-centros-de-mando-y-almacenes-de-armas-occidentales-en-ucrania","status":"publish","type":"post","link":"https:\/\/archive.sana.sy\/es\/?p=304841","title":{"rendered":"Rusia ataca aer\u00f3dromos, centros de mando y almacenes de armas occidentales en Ucrania"},"content":{"rendered":"<p style=\"text-align: justify;\"><span style=\"color: #800000;\"><strong>Mosc\u00fa, 27 jul (SANA)<\/strong><\/span> En su informe diario sobre el progreso de la operaci\u00f3n militar especial, el Ministerio de Defensa de la Federaci\u00f3n Rusa inform\u00f3 que sus fuerzas lanzaron ataques con misiles (kalibr) de alta precisi\u00f3n y largo alcance contra blancos vitales de las Fuerzas Armadas de Ucrania.<\/p>\n<p><img loading=\"lazy\" decoding=\"async\" class=\"size-medium wp-image-304843 alignleft\" src=\"http:\/\/sana.sy\/es\/wp-content\/uploads\/2023\/07\/Rusia-ataca-aerodromos-centros-de-mando-y-almacenes-de-armas-occidentales-en-Ucrania-1-300x150.jpg\" alt=\"\" width=\"300\" height=\"150\" srcset=\"https:\/\/archive.sana.sy\/es\/wp-content\/uploads\/2023\/07\/Rusia-ataca-aerodromos-centros-de-mando-y-almacenes-de-armas-occidentales-en-Ucrania-1-300x150.jpg 300w, https:\/\/archive.sana.sy\/es\/wp-content\/uploads\/2023\/07\/Rusia-ataca-aerodromos-centros-de-mando-y-almacenes-de-armas-occidentales-en-Ucrania-1-150x75.jpg 150w, https:\/\/archive.sana.sy\/es\/wp-content\/uploads\/2023\/07\/Rusia-ataca-aerodromos-centros-de-mando-y-almacenes-de-armas-occidentales-en-Ucrania-1.jpg 660w\" sizes=\"(max-width: 300px) 100vw, 300px\" \/><\/p>\n<p style=\"text-align: justify;\">Los misiles disparados desde buques de guerra y cazabombarderos apuntaron contra aer\u00f3dromos, centros de mando y control y puntos de despliegue de las Fuerzas Armadas de Ucrania.<\/p>\n<p style=\"text-align: justify;\">Tambi\u00e9n fueron destruidas instalaciones de ensamblaje de embarcaciones no tripuladas y sitios de almacenamiento de misiles, armas y equipos militares suministrados por Europa y Estados Unidos.<br \/>\nEn ente castrense aclar\u00f3 que todos los objetivos asignados han sido golpeados.<\/p>\n<p style=\"text-align: justify;\">fm\/sm<\/p>\n","protected":false},"excerpt":{"rendered":"<p>Mosc\u00fa, 27 jul (SANA) En su informe diario sobre el progreso de la operaci\u00f3n militar especial, el Ministerio de Defensa de la Federaci\u00f3n Rusa inform\u00f3 que sus fuerzas lanzaron ataques con misiles (kalibr) de alta precisi\u00f3n y largo alcance contra blancos vitales de las Fuerzas Armadas de Ucrania. Los misiles disparados desde buques de guerra &hellip;<\/p>\n","protected":false},"author":39,"featured_media":304845,"comment_status":"closed","ping_status":"closed","sticky":false,"template":"","format":"standard","meta":{"footnotes":""},"categories":[597,456,16687,583],"tags":[22301,6695,20357],"class_list":["post-304841","post","type-post","status-publish","format-standard","has-post-thumbnail","","category-cinta-de-noticias","category-arabe-internacional-politica","category-internacionales","category-slide","tag-operacion-miliar","tag-rusia","tag-ucrania"],"_links":{"self":[{"href":"https:\/\/archive.sana.sy\/es\/index.php?rest_route=\/wp\/v2\/posts\/304841"}],"collection":[{"href":"https:\/\/archive.sana.sy\/es\/index.php?rest_route=\/wp\/v2\/posts"}],"about":[{"href":"https:\/\/archive.sana.sy\/es\/index.php?rest_route=\/wp\/v2\/types\/post"}],"author":[{"embeddable":true,"href":"https:\/\/archive.sana.sy\/es\/index.php?rest_route=\/wp\/v2\/users\/39"}],"replies":[{"embeddable":true,"href":"https:\/\/archive.sana.sy\/es\/index.php?rest_route=%2Fwp%2Fv2%2Fcomments&post=304841"}],"version-history":[{"count":1,"href":"https:\/\/archive.sana.sy\/es\/index.php?rest_route=\/wp\/v2\/posts\/304841\/revisions"}],"predecessor-version":[{"id":304844,"href":"https:\/\/archive.sana.sy\/es\/index.php?rest_route=\/wp\/v2\/posts\/304841\/revisions\/304844"}],"wp:featuredmedia":[{"embeddable":true,"href":"https:\/\/archive.sana.sy\/es\/index.php?rest_route=\/wp\/v2\/media\/304845"}],"wp:attachment":[{"href":"https:\/\/archive.sana.sy\/es\/index.php?rest_route=%2Fwp%2Fv2%2Fmedia&parent=304841"}],"wp:term":[{"taxonomy":"category","embeddable":true,"href":"https:\/\/archive.sana.sy\/es\/index.php?rest_route=%2Fwp%2Fv2%2Fcategories&post=304841"},{"taxonomy":"post_tag","embeddable":true,"href":"https:\/\/archive.sana.sy\/es\/index.php?rest_route=%2Fwp%2Fv2%2Ftags&post=304841"}],"curies":[{"name":"wp","href":"https:\/\/api.w.org\/{rel}","templated":true}]}}