{"id":305010,"date":"2023-07-29T15:44:36","date_gmt":"2023-07-29T12:44:36","guid":{"rendered":"https:\/\/sana.sy\/es\/?p=305010"},"modified":"2023-07-29T15:44:36","modified_gmt":"2023-07-29T12:44:36","slug":"rusia-ataca-y-destruye-la-sede-de-mando-de-las-fuerzas-ucranianas-en-dnepropetrovsk","status":"publish","type":"post","link":"https:\/\/archive.sana.sy\/es\/?p=305010","title":{"rendered":"Rusia ataca y destruye la sede de mando de las fuerzas ucranianas en Dnepropetrovsk"},"content":{"rendered":"<p style=\"text-align: justify;\"><span style=\"color: #800000;\"><strong>Mosc\u00fa, 29 jul (SANA)<\/strong> \u00a0<\/span>Las Fuerzas Armadas de Rusia atacaron un puesto de mando de las Fuerzas Armadas de Ucrania en la ciudad de Dnepropetrovsk.<\/p>\n<p style=\"text-align: justify;\">&#8220;En la noche del 28 de julio, las Fuerzas Armadas de la Federaci\u00f3n Rusa atacaron el puesto de mando de las Fuerzas Armadas de Ucrania en la ciudad de Dnepropetrovsk con armas de alta precisi\u00f3n&#8221;, inform\u00f3 el Ministerio de Defensa en su reporte sirios sobre el progreso de la operaci\u00f3n militar especial<\/p>\n<p style=\"text-align: justify;\">El portavoz del ente castrense, el mayor general \u00cdgor Konash\u00e9nkov, precis\u00f3 que el objetivo fue alcanzado mediante misiles Kalibr de largo alcance y alta precisi\u00f3n.<\/p>\n<p style=\"text-align: justify;\">Por otro lado, las fuerzas armadas rusas repelieron con \u00e9xito varias operaciones ofensivas de las tropas de Kiev en las direcciones de Donetsk, Sur-Donetsk y Krasnoliman.<\/p>\n<p style=\"text-align: justify;\">fm\/sm<\/p>\n","protected":false},"excerpt":{"rendered":"<p>Mosc\u00fa, 29 jul (SANA) \u00a0Las Fuerzas Armadas de Rusia atacaron un puesto de mando de las Fuerzas Armadas de Ucrania en la ciudad de Dnepropetrovsk. &#8220;En la noche del 28 de julio, las Fuerzas Armadas de la Federaci\u00f3n Rusa atacaron el puesto de mando de las Fuerzas Armadas de Ucrania en la ciudad de Dnepropetrovsk &hellip;<\/p>\n","protected":false},"author":39,"featured_media":305011,"comment_status":"closed","ping_status":"closed","sticky":false,"template":"","format":"standard","meta":{"footnotes":""},"categories":[597,456,16687,20724,7541],"tags":[],"class_list":["post-305010","post","type-post","status-publish","format-standard","has-post-thumbnail","","category-cinta-de-noticias","category-arabe-internacional-politica","category-internacionales","category-minuto-a-minuto","category-ultimas-noticias"],"_links":{"self":[{"href":"https:\/\/archive.sana.sy\/es\/index.php?rest_route=\/wp\/v2\/posts\/305010"}],"collection":[{"href":"https:\/\/archive.sana.sy\/es\/index.php?rest_route=\/wp\/v2\/posts"}],"about":[{"href":"https:\/\/archive.sana.sy\/es\/index.php?rest_route=\/wp\/v2\/types\/post"}],"author":[{"embeddable":true,"href":"https:\/\/archive.sana.sy\/es\/index.php?rest_route=\/wp\/v2\/users\/39"}],"replies":[{"embeddable":true,"href":"https:\/\/archive.sana.sy\/es\/index.php?rest_route=%2Fwp%2Fv2%2Fcomments&post=305010"}],"version-history":[{"count":1,"href":"https:\/\/archive.sana.sy\/es\/index.php?rest_route=\/wp\/v2\/posts\/305010\/revisions"}],"predecessor-version":[{"id":305012,"href":"https:\/\/archive.sana.sy\/es\/index.php?rest_route=\/wp\/v2\/posts\/305010\/revisions\/305012"}],"wp:featuredmedia":[{"embeddable":true,"href":"https:\/\/archive.sana.sy\/es\/index.php?rest_route=\/wp\/v2\/media\/305011"}],"wp:attachment":[{"href":"https:\/\/archive.sana.sy\/es\/index.php?rest_route=%2Fwp%2Fv2%2Fmedia&parent=305010"}],"wp:term":[{"taxonomy":"category","embeddable":true,"href":"https:\/\/archive.sana.sy\/es\/index.php?rest_route=%2Fwp%2Fv2%2Fcategories&post=305010"},{"taxonomy":"post_tag","embeddable":true,"href":"https:\/\/archive.sana.sy\/es\/index.php?rest_route=%2Fwp%2Fv2%2Ftags&post=305010"}],"curies":[{"name":"wp","href":"https:\/\/api.w.org\/{rel}","templated":true}]}}