{"id":305015,"date":"2023-07-29T16:15:09","date_gmt":"2023-07-29T13:15:09","guid":{"rendered":"https:\/\/sana.sy\/es\/?p=305015"},"modified":"2023-07-29T16:15:09","modified_gmt":"2023-07-29T13:15:09","slug":"nueva-jornada-de-la-xi-edicion-del-festival-de-cultura-y-artes-eco-de-mora-y-seda","status":"publish","type":"post","link":"https:\/\/archive.sana.sy\/es\/?p=305015","title":{"rendered":"Nueva jornada de la XI edici\u00f3n del Festival de Cultura y Artes \u201cEco de Mora y Seda\u201d"},"content":{"rendered":"<p style=\"text-align: justify;\"><span style=\"color: #800000;\"><strong>Tartous, 29 jul (SANA)<\/strong><\/span> Contin\u00faan las actividades de la XI edici\u00f3n del Festival de Cultura y Artes \u201cEco de Mora y Seda\u201d en la ciudad de Mashta Hilou, en la provincia costera siria de Tartous.<\/p>\n<p style=\"text-align: justify;\">La segunda jornada de este evento patrimonial fue dirigida por el distinguido m\u00fasico George Tannous, y comenz\u00f3 con el toque de la campana de la planta, un ritual que se hac\u00eda al inicio de la jornada laboral.<\/p>\n<p style=\"text-align: justify;\">Las actividades musicales de este evento patrimonial se efect\u00faan en el patio interior de la hist\u00f3rica y antigua planta de seda construida en 1855.<\/p>\n<div id='gallery-1' class='gallery galleryid-305015 gallery-columns-1 gallery-size-full'><figure class='gallery-item'>\n\t\t\t<div class='gallery-icon landscape'>\n\t\t\t\t<a href='https:\/\/archive.sana.sy\/es\/wp-content\/uploads\/2023\/07\/Nueva-jornada-de-la-XI-edicion-del-Festival-de-Cultura-y-Artes-Eco-de-Mora-y-Seda-1.jpg'><img loading=\"lazy\" decoding=\"async\" width=\"1280\" height=\"852\" src=\"https:\/\/archive.sana.sy\/es\/wp-content\/uploads\/2023\/07\/Nueva-jornada-de-la-XI-edicion-del-Festival-de-Cultura-y-Artes-Eco-de-Mora-y-Seda-1.jpg\" class=\"attachment-full size-full\" alt=\"\" srcset=\"https:\/\/archive.sana.sy\/es\/wp-content\/uploads\/2023\/07\/Nueva-jornada-de-la-XI-edicion-del-Festival-de-Cultura-y-Artes-Eco-de-Mora-y-Seda-1.jpg 1280w, https:\/\/archive.sana.sy\/es\/wp-content\/uploads\/2023\/07\/Nueva-jornada-de-la-XI-edicion-del-Festival-de-Cultura-y-Artes-Eco-de-Mora-y-Seda-1-300x200.jpg 300w, https:\/\/archive.sana.sy\/es\/wp-content\/uploads\/2023\/07\/Nueva-jornada-de-la-XI-edicion-del-Festival-de-Cultura-y-Artes-Eco-de-Mora-y-Seda-1-1024x682.jpg 1024w, https:\/\/archive.sana.sy\/es\/wp-content\/uploads\/2023\/07\/Nueva-jornada-de-la-XI-edicion-del-Festival-de-Cultura-y-Artes-Eco-de-Mora-y-Seda-1-150x100.jpg 150w, https:\/\/archive.sana.sy\/es\/wp-content\/uploads\/2023\/07\/Nueva-jornada-de-la-XI-edicion-del-Festival-de-Cultura-y-Artes-Eco-de-Mora-y-Seda-1-768x511.jpg 768w, https:\/\/archive.sana.sy\/es\/wp-content\/uploads\/2023\/07\/Nueva-jornada-de-la-XI-edicion-del-Festival-de-Cultura-y-Artes-Eco-de-Mora-y-Seda-1-310x205.jpg 310w\" sizes=\"(max-width: 1280px) 100vw, 1280px\" \/><\/a>\n\t\t\t<\/div><\/figure><figure class='gallery-item'>\n\t\t\t<div class='gallery-icon landscape'>\n\t\t\t\t<a href='https:\/\/archive.sana.sy\/es\/wp-content\/uploads\/2023\/07\/photo_2023-07-29_16-01-20-2.jpg'><img loading=\"lazy\" decoding=\"async\" width=\"1280\" height=\"852\" src=\"https:\/\/archive.sana.sy\/es\/wp-content\/uploads\/2023\/07\/photo_2023-07-29_16-01-20-2.jpg\" class=\"attachment-full size-full\" alt=\"\" srcset=\"https:\/\/archive.sana.sy\/es\/wp-content\/uploads\/2023\/07\/photo_2023-07-29_16-01-20-2.jpg 1280w, https:\/\/archive.sana.sy\/es\/wp-content\/uploads\/2023\/07\/photo_2023-07-29_16-01-20-2-300x200.jpg 300w, https:\/\/archive.sana.sy\/es\/wp-content\/uploads\/2023\/07\/photo_2023-07-29_16-01-20-2-1024x682.jpg 1024w, https:\/\/archive.sana.sy\/es\/wp-content\/uploads\/2023\/07\/photo_2023-07-29_16-01-20-2-150x100.jpg 150w, https:\/\/archive.sana.sy\/es\/wp-content\/uploads\/2023\/07\/photo_2023-07-29_16-01-20-2-768x511.jpg 768w, https:\/\/archive.sana.sy\/es\/wp-content\/uploads\/2023\/07\/photo_2023-07-29_16-01-20-2-310x205.jpg 310w\" sizes=\"(max-width: 1280px) 100vw, 1280px\" \/><\/a>\n\t\t\t<\/div><\/figure><figure class='gallery-item'>\n\t\t\t<div class='gallery-icon landscape'>\n\t\t\t\t<a href='https:\/\/archive.sana.sy\/es\/wp-content\/uploads\/2023\/07\/photo_2023-07-29_16-01-20.jpg'><img loading=\"lazy\" decoding=\"async\" width=\"1280\" height=\"852\" src=\"https:\/\/archive.sana.sy\/es\/wp-content\/uploads\/2023\/07\/photo_2023-07-29_16-01-20.jpg\" class=\"attachment-full size-full\" alt=\"\" srcset=\"https:\/\/archive.sana.sy\/es\/wp-content\/uploads\/2023\/07\/photo_2023-07-29_16-01-20.jpg 1280w, https:\/\/archive.sana.sy\/es\/wp-content\/uploads\/2023\/07\/photo_2023-07-29_16-01-20-300x200.jpg 300w, https:\/\/archive.sana.sy\/es\/wp-content\/uploads\/2023\/07\/photo_2023-07-29_16-01-20-1024x682.jpg 1024w, https:\/\/archive.sana.sy\/es\/wp-content\/uploads\/2023\/07\/photo_2023-07-29_16-01-20-150x100.jpg 150w, https:\/\/archive.sana.sy\/es\/wp-content\/uploads\/2023\/07\/photo_2023-07-29_16-01-20-768x511.jpg 768w, https:\/\/archive.sana.sy\/es\/wp-content\/uploads\/2023\/07\/photo_2023-07-29_16-01-20-310x205.jpg 310w\" sizes=\"(max-width: 1280px) 100vw, 1280px\" \/><\/a>\n\t\t\t<\/div><\/figure>\n\t\t<\/div>\n\n<p style=\"text-align: justify;\">fm\/ed<\/p>\n","protected":false},"excerpt":{"rendered":"<p>Tartous, 29 jul (SANA) Contin\u00faan las actividades de la XI edici\u00f3n del Festival de Cultura y Artes \u201cEco de Mora y Seda\u201d en la ciudad de Mashta Hilou, en la provincia costera siria de Tartous. La segunda jornada de este evento patrimonial fue dirigida por el distinguido m\u00fasico George Tannous, y comenz\u00f3 con el toque &hellip;<\/p>\n","protected":false},"author":32,"featured_media":305016,"comment_status":"closed","ping_status":"closed","sticky":false,"template":"","format":"standard","meta":{"footnotes":""},"categories":[477,597,510,20724,476,7541],"tags":[],"class_list":["post-305015","post","type-post","status-publish","format-standard","has-post-thumbnail","","category-noticias-edulcorantes","category-cinta-de-noticias","category-arte-y-cultura","category-minuto-a-minuto","category-locales","category-ultimas-noticias"],"_links":{"self":[{"href":"https:\/\/archive.sana.sy\/es\/index.php?rest_route=\/wp\/v2\/posts\/305015"}],"collection":[{"href":"https:\/\/archive.sana.sy\/es\/index.php?rest_route=\/wp\/v2\/posts"}],"about":[{"href":"https:\/\/archive.sana.sy\/es\/index.php?rest_route=\/wp\/v2\/types\/post"}],"author":[{"embeddable":true,"href":"https:\/\/archive.sana.sy\/es\/index.php?rest_route=\/wp\/v2\/users\/32"}],"replies":[{"embeddable":true,"href":"https:\/\/archive.sana.sy\/es\/index.php?rest_route=%2Fwp%2Fv2%2Fcomments&post=305015"}],"version-history":[{"count":1,"href":"https:\/\/archive.sana.sy\/es\/index.php?rest_route=\/wp\/v2\/posts\/305015\/revisions"}],"predecessor-version":[{"id":305020,"href":"https:\/\/archive.sana.sy\/es\/index.php?rest_route=\/wp\/v2\/posts\/305015\/revisions\/305020"}],"wp:featuredmedia":[{"embeddable":true,"href":"https:\/\/archive.sana.sy\/es\/index.php?rest_route=\/wp\/v2\/media\/305016"}],"wp:attachment":[{"href":"https:\/\/archive.sana.sy\/es\/index.php?rest_route=%2Fwp%2Fv2%2Fmedia&parent=305015"}],"wp:term":[{"taxonomy":"category","embeddable":true,"href":"https:\/\/archive.sana.sy\/es\/index.php?rest_route=%2Fwp%2Fv2%2Fcategories&post=305015"},{"taxonomy":"post_tag","embeddable":true,"href":"https:\/\/archive.sana.sy\/es\/index.php?rest_route=%2Fwp%2Fv2%2Ftags&post=305015"}],"curies":[{"name":"wp","href":"https:\/\/api.w.org\/{rel}","templated":true}]}}