{"id":30510,"date":"2015-09-24T23:56:51","date_gmt":"2015-09-24T20:56:51","guid":{"rendered":"http:\/\/sana.sy\/es\/?p=30510"},"modified":"2015-09-24T23:56:51","modified_gmt":"2015-09-24T20:56:51","slug":"ministro-de-defensa-visita-a-formaciones-castrenses-en-la-ciudad-de-deraa-y-su-zona-rural","status":"publish","type":"post","link":"https:\/\/archive.sana.sy\/es\/?p=30510","title":{"rendered":"Ministro de Defensa visita a formaciones castrenses en la ciudad de Deraa y su zona rural"},"content":{"rendered":"<p>Deraa, SANA \/ \u00a0Cumpliendo los \u00f3rdenes del presidente, Bashar al Assad, el vicecomandante en jefe del Ej\u00e9rcito de las Fuerzas Armadas Sirias, ministro de Defensa, general Fahed Yassem al Freij, acompa\u00f1ado por oficiales de alto rango, ha visitado este jueves a formaciones castrenses sirias en la ciudad de Deraa y su campo con motivo de la fiesta de al Adha.<\/p>\n<p>El titular de Defensa trasmiti\u00f3 a los uniformados sirios los sinceros saludos del presidente al Assad, asegur\u00e1ndoles que el mandatario sirio se enorgullece de sus sacrificios y heroicidades en la guerra que est\u00e1n librando contra los terroristas, herramientas del enemigo sionista y sus aliados.<\/p>\n<p>El general al Freij se puso al tanto de los operativos realizados por las unidades castrenses sirias en la ciudad de Deraa y su zona rural, ensalzando el alto moral de que gozan los soldados sirios en sus combates contra los terroristas.<\/p>\n<p>Asimismo hizo hincapi\u00e9 en que la guerra contra el terrorismo se mantendr\u00e1 hasta lograr la victoria, meta que ser\u00e1 alcanzable gracias a la resistencia del pueblo sirio, la valent\u00eda del ej\u00e9rcito y la cordura del presidente al Assad.<\/p>\n<p>A su vez, los soldados sirios aseguraron que continuar\u00e1n la lucha antiterrorista por m\u00e1s caros que sean los sacrificios hasta extirpar el terrorismo y restablecer la seguridad en todo el territorio sirio.<\/p>\n<p>En el mismo contexto, los mandos militares colocaron ofrendas florales sobre los monumentos conmemorativos de los m\u00e1rtires, as\u00ed como visitaron a los soldados heridos en los hospitales militares para felicitarles por la fiesta de al Adha.<\/p>\n<p>Lynn A.<\/p>\n","protected":false},"excerpt":{"rendered":"<p>Deraa, SANA \/ \u00a0Cumpliendo los \u00f3rdenes del presidente, Bashar al Assad, el vicecomandante en jefe del Ej\u00e9rcito de las Fuerzas Armadas Sirias, ministro de Defensa, general Fahed Yassem al Freij, acompa\u00f1ado por oficiales de alto rango, ha visitado este jueves a formaciones castrenses sirias en la ciudad de Deraa y su campo con motivo de &hellip;<\/p>\n","protected":false},"author":24,"featured_media":30511,"comment_status":"closed","ping_status":"closed","sticky":false,"template":"","format":"standard","meta":{"footnotes":""},"categories":[477,597,476],"tags":[],"class_list":["post-30510","post","type-post","status-publish","format-standard","has-post-thumbnail","","category-noticias-edulcorantes","category-cinta-de-noticias","category-locales"],"_links":{"self":[{"href":"https:\/\/archive.sana.sy\/es\/index.php?rest_route=\/wp\/v2\/posts\/30510"}],"collection":[{"href":"https:\/\/archive.sana.sy\/es\/index.php?rest_route=\/wp\/v2\/posts"}],"about":[{"href":"https:\/\/archive.sana.sy\/es\/index.php?rest_route=\/wp\/v2\/types\/post"}],"author":[{"embeddable":true,"href":"https:\/\/archive.sana.sy\/es\/index.php?rest_route=\/wp\/v2\/users\/24"}],"replies":[{"embeddable":true,"href":"https:\/\/archive.sana.sy\/es\/index.php?rest_route=%2Fwp%2Fv2%2Fcomments&post=30510"}],"version-history":[{"count":0,"href":"https:\/\/archive.sana.sy\/es\/index.php?rest_route=\/wp\/v2\/posts\/30510\/revisions"}],"wp:featuredmedia":[{"embeddable":true,"href":"https:\/\/archive.sana.sy\/es\/index.php?rest_route=\/wp\/v2\/media\/30511"}],"wp:attachment":[{"href":"https:\/\/archive.sana.sy\/es\/index.php?rest_route=%2Fwp%2Fv2%2Fmedia&parent=30510"}],"wp:term":[{"taxonomy":"category","embeddable":true,"href":"https:\/\/archive.sana.sy\/es\/index.php?rest_route=%2Fwp%2Fv2%2Fcategories&post=30510"},{"taxonomy":"post_tag","embeddable":true,"href":"https:\/\/archive.sana.sy\/es\/index.php?rest_route=%2Fwp%2Fv2%2Ftags&post=30510"}],"curies":[{"name":"wp","href":"https:\/\/api.w.org\/{rel}","templated":true}]}}