{"id":305181,"date":"2023-07-31T15:06:25","date_gmt":"2023-07-31T12:06:25","guid":{"rendered":"https:\/\/sana.sy\/es\/?p=305181"},"modified":"2023-07-31T16:28:20","modified_gmt":"2023-07-31T13:28:20","slug":"cancilleres-de-siria-e-iran-sostienen-conferencia-de-prensa-en-teheran","status":"publish","type":"post","link":"https:\/\/archive.sana.sy\/es\/?p=305181","title":{"rendered":"Cancilleres de Siria e Ir\u00e1n sostienen conferencia de prensa en Teher\u00e1n"},"content":{"rendered":"<p style=\"text-align: justify;\"><span style=\"color: #800000;\"><strong>\u00a0Teher\u00e1n, 31 jul (SANA)<\/strong><\/span>\u00a0 \u00a0Los ministros de Asuntos Exteriores de Siria, Faisal Al-Mekdad, y de Ir\u00e1n, Hossein Amir Abdollahian, sostuvieron hoy una conferencia de prensa en Teher\u00e1n, la capital iran\u00ed.<\/p>\n<p style=\"text-align: justify;\">Ambos cancilleres dijeron que sus conversaciones abordaron el desarrollo de las relaciones bilaterales en varios campos, y todo lo que podr\u00eda beneficiar los intereses de los dos pueblos.<\/p>\n<p style=\"text-align: justify;\"><div class=\"box shadow  aligncenter\"><div class=\"box-inner-block\"><i class=\"fa tie-shortcode-boxicon\"><\/i>\n\t\t\tCancilleres de Siria e Ir\u00e1n sostienen conferencia de prensa en Teher\u00e1n \n\t\t\t<\/div><\/div>\n<p style=\"text-align: justify;\">El jefe de la diplomacia iran\u00ed asegur\u00f3 que las conversaciones abarcaron tambi\u00e9n la actualidad regional e internacional.<\/p>\n<p style=\"text-align: justify;\">\u201cHemos afirmado la importancia de lograr la estabilidad y la seguridad en la regi\u00f3n lejos de cualquier tipo de injerencia externa, dijo Abdollahian.<\/p>\n<p style=\"text-align: justify;\">Conden\u00f3 las repetidas agresiones israel\u00edes contra Siria, y consider\u00f3 que \u201cIsrael\u201d es la principal fuente de desestabilizaci\u00f3n en la regi\u00f3n.<\/p>\n<p style=\"text-align: justify;\">Abdollahian consider\u00f3 que las fuerzas estadounidenses apoyan a los terroristas en Siria y exigi\u00f3 su salida inmediata del territorio sirio porque esto ayudar\u00eda a lograr la seguridad y la paz en la regi\u00f3n.<\/p>\n<p style=\"text-align: justify;\"><div class=\"box shadow  aligncenter\"><div class=\"box-inner-block\"><i class=\"fa tie-shortcode-boxicon\"><\/i>\n\t\t\tAl-Mekdad: El pueblo sirio no tolerar\u00e1 indefinidamente los cr\u00edmenes estadounidenses\n\t\t\t<\/div><\/div>\n<p style=\"text-align: justify;\">A su vez, el ministro Al-Mekdad dijo que se han comenzado a tomar medidas pr\u00e1cticas para implementar los acuerdos alcanzados durante la reciente visita del presidente Ibrahim Raisi a Siria.<\/p>\n<p style=\"text-align: justify;\">\u201cEstamos satisfechos respecto a los recientes desarrollos en la regi\u00f3n y consideramos que la diplomacia efectiva entre sus pa\u00edses promete buenos resultados para sus pueblos\u201d, dijo Al-Mekdad.<\/p>\n<p style=\"text-align: justify;\">En este mismo contexto, agreg\u00f3 que cualquiera que pretenda obstruir estos esfuerzos debe saber que el pueblo \u00e1rabe est\u00e1 harto de las pr\u00e1cticas autoritarias estadounidenses que buscan la continuaci\u00f3n de la ocupaci\u00f3n sionista de los territorios \u00e1rabes.<\/p>\n<p style=\"text-align: justify;\">\u201cEstados Unidos tiene histeria por el retorno de Siria al escenario \u00e1rabe y su participaci\u00f3n en la Cumbre de Jeddah, incluso Washington conden\u00f3 a los pa\u00edses \u00e1rabes por sus decisiones respecto a Siria como si fuera un miembro de la Liga \u00c1rabe, puntualiz\u00f3 Al-Mekdad.<\/p>\n<p style=\"text-align: justify;\"><a href=\"http:\/\/sana.sy\/es\/wp-content\/uploads\/2023\/07\/\u0645\u0624\u062a\u0645\u0631-\u0635\u062d\u0641\u064a-\u0644\u0644\u0648\u0632\u064a\u0631-\u0627\u0644\u0645\u0642\u062f\u0627\u062f-\u0648\u0646\u0638\u064a\u0631\u0647-\u0639\u0628\u062f-\u0627\u0644\u0644\u0647\u064a\u0627\u0646-3-scaled.jpg\"><img loading=\"lazy\" decoding=\"async\" class=\" wp-image-305196 alignleft\" src=\"http:\/\/sana.sy\/es\/wp-content\/uploads\/2023\/07\/\u0645\u0624\u062a\u0645\u0631-\u0635\u062d\u0641\u064a-\u0644\u0644\u0648\u0632\u064a\u0631-\u0627\u0644\u0645\u0642\u062f\u0627\u062f-\u0648\u0646\u0638\u064a\u0631\u0647-\u0639\u0628\u062f-\u0627\u0644\u0644\u0647\u064a\u0627\u0646-3-scaled.jpg\" alt=\"\" width=\"369\" height=\"215\" srcset=\"https:\/\/archive.sana.sy\/es\/wp-content\/uploads\/2023\/07\/\u0645\u0624\u062a\u0645\u0631-\u0635\u062d\u0641\u064a-\u0644\u0644\u0648\u0632\u064a\u0631-\u0627\u0644\u0645\u0642\u062f\u0627\u062f-\u0648\u0646\u0638\u064a\u0631\u0647-\u0639\u0628\u062f-\u0627\u0644\u0644\u0647\u064a\u0627\u0646-3-scaled.jpg 2560w, https:\/\/archive.sana.sy\/es\/wp-content\/uploads\/2023\/07\/\u0645\u0624\u062a\u0645\u0631-\u0635\u062d\u0641\u064a-\u0644\u0644\u0648\u0632\u064a\u0631-\u0627\u0644\u0645\u0642\u062f\u0627\u062f-\u0648\u0646\u0638\u064a\u0631\u0647-\u0639\u0628\u062f-\u0627\u0644\u0644\u0647\u064a\u0627\u0646-3-300x175.jpg 300w, https:\/\/archive.sana.sy\/es\/wp-content\/uploads\/2023\/07\/\u0645\u0624\u062a\u0645\u0631-\u0635\u062d\u0641\u064a-\u0644\u0644\u0648\u0632\u064a\u0631-\u0627\u0644\u0645\u0642\u062f\u0627\u062f-\u0648\u0646\u0638\u064a\u0631\u0647-\u0639\u0628\u062f-\u0627\u0644\u0644\u0647\u064a\u0627\u0646-3-1024x597.jpg 1024w, https:\/\/archive.sana.sy\/es\/wp-content\/uploads\/2023\/07\/\u0645\u0624\u062a\u0645\u0631-\u0635\u062d\u0641\u064a-\u0644\u0644\u0648\u0632\u064a\u0631-\u0627\u0644\u0645\u0642\u062f\u0627\u062f-\u0648\u0646\u0638\u064a\u0631\u0647-\u0639\u0628\u062f-\u0627\u0644\u0644\u0647\u064a\u0627\u0646-3-150x87.jpg 150w, https:\/\/archive.sana.sy\/es\/wp-content\/uploads\/2023\/07\/\u0645\u0624\u062a\u0645\u0631-\u0635\u062d\u0641\u064a-\u0644\u0644\u0648\u0632\u064a\u0631-\u0627\u0644\u0645\u0642\u062f\u0627\u062f-\u0648\u0646\u0638\u064a\u0631\u0647-\u0639\u0628\u062f-\u0627\u0644\u0644\u0647\u064a\u0627\u0646-3-768x448.jpg 768w, https:\/\/archive.sana.sy\/es\/wp-content\/uploads\/2023\/07\/\u0645\u0624\u062a\u0645\u0631-\u0635\u062d\u0641\u064a-\u0644\u0644\u0648\u0632\u064a\u0631-\u0627\u0644\u0645\u0642\u062f\u0627\u062f-\u0648\u0646\u0638\u064a\u0631\u0647-\u0639\u0628\u062f-\u0627\u0644\u0644\u0647\u064a\u0627\u0646-3-1536x896.jpg 1536w, https:\/\/archive.sana.sy\/es\/wp-content\/uploads\/2023\/07\/\u0645\u0624\u062a\u0645\u0631-\u0635\u062d\u0641\u064a-\u0644\u0644\u0648\u0632\u064a\u0631-\u0627\u0644\u0645\u0642\u062f\u0627\u062f-\u0648\u0646\u0638\u064a\u0631\u0647-\u0639\u0628\u062f-\u0627\u0644\u0644\u0647\u064a\u0627\u0646-3-2048x1194.jpg 2048w\" sizes=\"(max-width: 369px) 100vw, 369px\" \/><\/a>Agreg\u00f3 que EE.UU. quiere hacer retroceder la rueda pero \u201cnuestros hermanos \u00e1rabes no se someter\u00e1 al chantaje occidental\u201d.<\/p>\n<p style=\"text-align: justify;\">Reiter\u00f3 el apoyo de Damasco al pueblo palestino y conden\u00f3 los cr\u00edmenes de guerra y lesa humanidad cometidos por el ocupante israel\u00ed.<\/p>\n<p style=\"text-align: justify;\">Seg\u00fan afirm\u00f3 el Ministro, las pr\u00e1cticas criminales del ocupaci\u00f3n israel\u00ed no solo atentan contra el pueblo palestino sino afectan a la poblaci\u00f3n en el Gol\u00e1n sirio ocupado, que lucha y preserva su identidad \u00e1rabe siria.<\/p>\n<p style=\"text-align: justify;\">Asimismo, consider\u00f3 que los cr\u00edmenes del ocupante estadounidense en Siria no pueden continuar y el pueblo sirio no los tolerar\u00e1 indefinidamente, y el ej\u00e9rcito de ocupaci\u00f3n estadounidense debe retirarse de las tierras que ocupa.<\/p>\n<p style=\"text-align: justify;\">\u201cEstados Unidos quiere que la regi\u00f3n de Al-Tanef, que ocupa en el este de Siria, sea un basti\u00f3n de las organizaciones terroristas que env\u00eda\u201d, aclar\u00f3 el jefe de la diplomacia siria.<\/p>\n<p style=\"text-align: justify;\">fm\/ed<\/p>\n","protected":false},"excerpt":{"rendered":"<p>\u00a0Teher\u00e1n, 31 jul (SANA)\u00a0 \u00a0Los ministros de Asuntos Exteriores de Siria, Faisal Al-Mekdad, y de Ir\u00e1n, Hossein Amir Abdollahian, sostuvieron hoy una conferencia de prensa en Teher\u00e1n, la capital iran\u00ed. Ambos cancilleres dijeron que sus conversaciones abordaron el desarrollo de las relaciones bilaterales en varios campos, y todo lo que podr\u00eda beneficiar los intereses de &hellip;<\/p>\n","protected":false},"author":32,"featured_media":305200,"comment_status":"closed","ping_status":"closed","sticky":false,"template":"","format":"standard","meta":{"footnotes":""},"categories":[597,20724,467,583],"tags":[],"class_list":["post-305181","post","type-post","status-publish","format-standard","has-post-thumbnail","","category-cinta-de-noticias","category-minuto-a-minuto","category-siria-y-el-mundo","category-slide"],"_links":{"self":[{"href":"https:\/\/archive.sana.sy\/es\/index.php?rest_route=\/wp\/v2\/posts\/305181"}],"collection":[{"href":"https:\/\/archive.sana.sy\/es\/index.php?rest_route=\/wp\/v2\/posts"}],"about":[{"href":"https:\/\/archive.sana.sy\/es\/index.php?rest_route=\/wp\/v2\/types\/post"}],"author":[{"embeddable":true,"href":"https:\/\/archive.sana.sy\/es\/index.php?rest_route=\/wp\/v2\/users\/32"}],"replies":[{"embeddable":true,"href":"https:\/\/archive.sana.sy\/es\/index.php?rest_route=%2Fwp%2Fv2%2Fcomments&post=305181"}],"version-history":[{"count":8,"href":"https:\/\/archive.sana.sy\/es\/index.php?rest_route=\/wp\/v2\/posts\/305181\/revisions"}],"predecessor-version":[{"id":305203,"href":"https:\/\/archive.sana.sy\/es\/index.php?rest_route=\/wp\/v2\/posts\/305181\/revisions\/305203"}],"wp:featuredmedia":[{"embeddable":true,"href":"https:\/\/archive.sana.sy\/es\/index.php?rest_route=\/wp\/v2\/media\/305200"}],"wp:attachment":[{"href":"https:\/\/archive.sana.sy\/es\/index.php?rest_route=%2Fwp%2Fv2%2Fmedia&parent=305181"}],"wp:term":[{"taxonomy":"category","embeddable":true,"href":"https:\/\/archive.sana.sy\/es\/index.php?rest_route=%2Fwp%2Fv2%2Fcategories&post=305181"},{"taxonomy":"post_tag","embeddable":true,"href":"https:\/\/archive.sana.sy\/es\/index.php?rest_route=%2Fwp%2Fv2%2Ftags&post=305181"}],"curies":[{"name":"wp","href":"https:\/\/api.w.org\/{rel}","templated":true}]}}