{"id":30522,"date":"2015-09-25T15:50:24","date_gmt":"2015-09-25T12:50:24","guid":{"rendered":"http:\/\/sana.sy\/es\/?p=30522"},"modified":"2015-09-25T15:50:24","modified_gmt":"2015-09-25T12:50:24","slug":"ejercito-iraqui-mata-a-110-terroristas-del-ei","status":"publish","type":"post","link":"https:\/\/archive.sana.sy\/es\/?p=30522","title":{"rendered":"Ej\u00e9rcito iraqu\u00ed mata a 110 terroristas del EI"},"content":{"rendered":"<p style=\"text-align: justify\"><span style=\"color: #800000\">Bagdad, SANA<\/span>&#8211; El Ej\u00e9rcito iraqu\u00ed, escoltado por aviones de combate, mat\u00f3 el jueves a 110 integrantes del grupo takfir\u00ed EI (Daesh, en \u00e1rabe) en varios puntos del pa\u00eds mesopot\u00e1mico.<\/p>\n<p style=\"text-align: justify\">Una fuente de seguridad que dese\u00f3 permanecer en anonimato inform\u00f3 a la cadena iraqu\u00ed Alsumaria que unos 20 miembros de EIIL perdieron la vida como consecuencia de los bombardeos de la Fuerza A\u00e9rea iraqu\u00ed contra escondites de esta banda takfir\u00ed en los distritos de Al-Malahama y Tel Mashihida, ubicados al este de la ciudad de Ramadi, capital de la provincia de Al-Anbar, oeste de Irak.<\/p>\n<p style=\"text-align: justify\">La fuente consultada tambi\u00e9n agreg\u00f3 que tales ataques causaron heridas a 20 terroristas de Daesh y destruyeron 11 veh\u00edculos blindados pertenecientes a este grupo extremista.<\/p>\n<p style=\"text-align: justify\">Por otra parte, las unidades del Ej\u00e9rcito iraqu\u00ed acabaron con la vida de 10 miembros del EIIL y destruyeron una excavadora llena de explosivos en los distritos de Albu Isa y Yarayeshi, en Al-Anbar.<\/p>\n<p style=\"text-align: justify\">El denominado ministro de Finanzas de Daesh, apodado como, Sulaiman Saed Sheijdar, fue asesinado junto con otros 36 extremistas durante los ataques de artiller\u00eda iraqu\u00ed en las inmediaciones de la ciudad de Al-Faluya.<\/p>\n<p style=\"text-align: justify\">Mientras tanto, unos 39 integrantes de Daesh, varios de ellos comandantes, fueron abatidos durante los operativos de las fuerzas de seguridad iraqu\u00ed en el pueblo de Tal Albu Jarad, en las inmediaciones de la ciudad de Baiji, en la provincia central de Salah al-Din.<\/p>\n<p style=\"text-align: justify\">Otros cuatro extremistas de Daesh perdieron la vida y dos coches cargados de explosivos fueron destruidos durante una ofensiva en la ciudad de Al-Karma, situado a unos 48 kil\u00f3metros al oeste de la capital, Bagdad.<\/p>\n<p style=\"text-align: justify\">Desde junio de 2014, Irak afronta una cruenta guerra contra Daesh, que ha conquistado varias zonas en el norte y el oeste de ese pa\u00eds, donde sigue cometiendo cr\u00edmenes de lesa humanidad, entre ellos ejecuciones sumarias y secuestros masivos.<\/p>\n<p>M.Miri<\/p>\n","protected":false},"excerpt":{"rendered":"<p>Bagdad, SANA&#8211; El Ej\u00e9rcito iraqu\u00ed, escoltado por aviones de combate, mat\u00f3 el jueves a 110 integrantes del grupo takfir\u00ed EI (Daesh, en \u00e1rabe) en varios puntos del pa\u00eds mesopot\u00e1mico. Una fuente de seguridad que dese\u00f3 permanecer en anonimato inform\u00f3 a la cadena iraqu\u00ed Alsumaria que unos 20 miembros de EIIL perdieron la vida como consecuencia &hellip;<\/p>\n","protected":false},"author":1,"featured_media":25457,"comment_status":"closed","ping_status":"closed","sticky":false,"template":"","format":"standard","meta":{"footnotes":""},"categories":[456,457,576],"tags":[6755],"class_list":["post-30522","post","type-post","status-publish","format-standard","has-post-thumbnail","","category-arabe-internacional-politica","category-noticias-arabe-internacional-politica","category-noticias-politicas","tag-ejercito-iraqui-mata-a-110-terroristas-del-ei"],"_links":{"self":[{"href":"https:\/\/archive.sana.sy\/es\/index.php?rest_route=\/wp\/v2\/posts\/30522"}],"collection":[{"href":"https:\/\/archive.sana.sy\/es\/index.php?rest_route=\/wp\/v2\/posts"}],"about":[{"href":"https:\/\/archive.sana.sy\/es\/index.php?rest_route=\/wp\/v2\/types\/post"}],"author":[{"embeddable":true,"href":"https:\/\/archive.sana.sy\/es\/index.php?rest_route=\/wp\/v2\/users\/1"}],"replies":[{"embeddable":true,"href":"https:\/\/archive.sana.sy\/es\/index.php?rest_route=%2Fwp%2Fv2%2Fcomments&post=30522"}],"version-history":[{"count":0,"href":"https:\/\/archive.sana.sy\/es\/index.php?rest_route=\/wp\/v2\/posts\/30522\/revisions"}],"wp:featuredmedia":[{"embeddable":true,"href":"https:\/\/archive.sana.sy\/es\/index.php?rest_route=\/wp\/v2\/media\/25457"}],"wp:attachment":[{"href":"https:\/\/archive.sana.sy\/es\/index.php?rest_route=%2Fwp%2Fv2%2Fmedia&parent=30522"}],"wp:term":[{"taxonomy":"category","embeddable":true,"href":"https:\/\/archive.sana.sy\/es\/index.php?rest_route=%2Fwp%2Fv2%2Fcategories&post=30522"},{"taxonomy":"post_tag","embeddable":true,"href":"https:\/\/archive.sana.sy\/es\/index.php?rest_route=%2Fwp%2Fv2%2Ftags&post=30522"}],"curies":[{"name":"wp","href":"https:\/\/api.w.org\/{rel}","templated":true}]}}