{"id":305221,"date":"2023-08-01T17:46:45","date_gmt":"2023-08-01T14:46:45","guid":{"rendered":"https:\/\/sana.sy\/es\/?p=305221"},"modified":"2023-08-01T17:47:04","modified_gmt":"2023-08-01T14:47:04","slug":"presidente-al-assad-el-ejercito-es-el-garante-del-presente-y-el-futuro-de-siria","status":"publish","type":"post","link":"https:\/\/archive.sana.sy\/es\/?p=305221","title":{"rendered":"Presidente Al-Assad: el ej\u00e9rcito es el garante del presente y el futuro de Siria"},"content":{"rendered":"<p style=\"text-align: justify\"><strong><span style=\"color: #800000\">Damasco, 01 ago (SANA)<\/span><\/strong> El presidente de Siria y comandante en Jefe del Ej\u00e9rcito y las Fuerzas Armadas, el teniente general Bashar Al-Assad, dirigi\u00f3 unas palabras a los militares sirios con motivo del septuag\u00e9simo octavo aniversario de la fundaci\u00f3n del Ej\u00e9rcito \u00c1rabe Sirio.<\/p>\n<p style=\"text-align: justify\">El mandataario salud\u00f3 a los uniformados y asegur\u00f3 que ellos son fuente de orgullo, honor y dignidad, y durante 78 a\u00f1os ha demostrado que son hombres de confianza y protectores del presente y del futuro, y fieles a la lucha de los antepasados.<\/p>\n<p style=\"text-align: justify\">&#8220;Ustedes son la esperanza de la patria y un ejemplo de hero\u00edsmo y audacia, y dejaron p\u00e1ginas honrosas con su hero\u00edsmo y sacrificios&#8221;, indic\u00f3.<\/p>\n<p style=\"text-align: justify\">Agreg\u00f3 que el ej\u00e9rcito es y seguir\u00e1 siendo ejemplo de la genorisidad y a la altura de de los desaf\u00edos que enfrenta la patria.<\/p>\n<p style=\"text-align: justify\">Inst\u00f3 a trabajar junsto para consolidar los pilares de la seguridad y la estabilidad en todo el pa\u00eds para que se recupere, y la vida normal vuelva a todos sus rincones.<\/p>\n<p style=\"text-align: justify\"><strong><span style=\"color: #000080\">Ej\u00e9rcito \u00c1rabe Sirio, historia llena de heroicidad y dignidad<\/span><\/strong><\/p>\n<p style=\"text-align: justify\">Los sirios celebran hoy el 78 aniversario de la fundaci\u00f3n del Ej\u00e9rcito \u00c1rabe Sirio.<\/p>\n<p style=\"text-align: justify\">Desde su fundaci\u00f3n en agosto de 1945, el ej\u00e9rcito reivindic\u00f3 la consigna \u201cPatria \u2013 Honor \u2013 Lealtad\u201d, y ha dado inmortales ejemplos en la defensa de la patria y la preservaci\u00f3n de la identidad.<\/p>\n<p style=\"text-align: justify\">La historia del ej\u00e9rcito est\u00e1 llena de haza\u00f1as, y desde su fundaci\u00f3n reivindic\u00f3 la lucha contra el plan sionista de usurpar a Palestina en los a\u00f1os 40 del pasado siglo y particip\u00f3 en la guerra de 1948 en defensa de Palestina.<\/p>\n<p style=\"text-align: justify\">Luego, el ej\u00e9rcito sirio constituy\u00f3 un baluarte inexpugnable frente a las ambiciones expansionistas del sionismo hasta el a\u00f1o 1973 cuando libr\u00f3 la Guerra de Octubre haciendo a\u00f1icos la leyenda de invencibilidad del ej\u00e9rcito de ocupaci\u00f3n.<\/p>\n<p style=\"text-align: justify\">Las heroicidades del Ej\u00e9rcito sirio no se han limitado dentro de Siria, sino que enfrent\u00f3 con valent\u00eda a la invasi\u00f3n sionista a L\u00edbano en el a\u00f1o 1982 e infligi\u00f3 grandes p\u00e9rdidas al enemigo sionista y le impidi\u00f3 de ocupar la regi\u00f3n de la Bekaa y la carretera entre Damasco y Beirut.<\/p>\n<p style=\"text-align: justify\">Con su doctrina nacionalista y panarabista, el Ej\u00e9rcito Sirio ha sido siempre un obst\u00e1culo principal ante la implementaci\u00f3n de los planes colonialistas en la regi\u00f3n.<\/p>\n<p style=\"text-align: justify\">M\u00e1s de siete d\u00e9cadas han sido m\u00e1s que suficientes para demostrar la fuerza del Ej\u00e9rcito sirio y su capacidad de socavar los planes colonialistas encaminados a dividir y someter la regi\u00f3n.<\/p>\n<p style=\"text-align: justify\">Desde el a\u00f1o 2011, Siria enfrenta una guerra sin precedentes en la historia de la humanidad, y el ej\u00e9rcito sirio dio al mundo entero ejemplos de sacrificio, valent\u00eda y heroicidad al liberar amplias zonas del territorio nacional de las bandas terroristas apoyadas por EEUU, Israel y los reg\u00edmenes reaccionarios \u00e1rabes.<\/p>\n<p style=\"text-align: justify\">En la actualidad, el ej\u00e9rcito celebra el 78 aniversario de su fundaci\u00f3n con m\u00e1s determinaci\u00f3n de seguir luchando hasta la liberaci\u00f3n del \u00faltimo palmo de la patria del terrorismo y la ocupaci\u00f3n extranjera.<\/p>\n<div id='gallery-1' class='gallery galleryid-305221 gallery-columns-1 gallery-size-full'><figure class='gallery-item'>\n\t\t\t<div class='gallery-icon landscape'>\n\t\t\t\t<a href='https:\/\/archive.sana.sy\/es\/wp-content\/uploads\/2023\/08\/photo_2023-08-01_09-42-56.jpg'><img loading=\"lazy\" decoding=\"async\" width=\"1280\" height=\"647\" src=\"https:\/\/archive.sana.sy\/es\/wp-content\/uploads\/2023\/08\/photo_2023-08-01_09-42-56.jpg\" class=\"attachment-full size-full\" alt=\"\" srcset=\"https:\/\/archive.sana.sy\/es\/wp-content\/uploads\/2023\/08\/photo_2023-08-01_09-42-56.jpg 1280w, https:\/\/archive.sana.sy\/es\/wp-content\/uploads\/2023\/08\/photo_2023-08-01_09-42-56-300x152.jpg 300w, https:\/\/archive.sana.sy\/es\/wp-content\/uploads\/2023\/08\/photo_2023-08-01_09-42-56-1024x518.jpg 1024w, https:\/\/archive.sana.sy\/es\/wp-content\/uploads\/2023\/08\/photo_2023-08-01_09-42-56-150x76.jpg 150w, https:\/\/archive.sana.sy\/es\/wp-content\/uploads\/2023\/08\/photo_2023-08-01_09-42-56-768x388.jpg 768w\" sizes=\"(max-width: 1280px) 100vw, 1280px\" \/><\/a>\n\t\t\t<\/div><\/figure><figure class='gallery-item'>\n\t\t\t<div class='gallery-icon landscape'>\n\t\t\t\t<a href='https:\/\/archive.sana.sy\/es\/wp-content\/uploads\/2023\/08\/photo_2023-08-01_09-44-27.jpg'><img loading=\"lazy\" decoding=\"async\" width=\"1280\" height=\"636\" src=\"https:\/\/archive.sana.sy\/es\/wp-content\/uploads\/2023\/08\/photo_2023-08-01_09-44-27.jpg\" class=\"attachment-full size-full\" alt=\"\" srcset=\"https:\/\/archive.sana.sy\/es\/wp-content\/uploads\/2023\/08\/photo_2023-08-01_09-44-27.jpg 1280w, https:\/\/archive.sana.sy\/es\/wp-content\/uploads\/2023\/08\/photo_2023-08-01_09-44-27-300x149.jpg 300w, https:\/\/archive.sana.sy\/es\/wp-content\/uploads\/2023\/08\/photo_2023-08-01_09-44-27-1024x509.jpg 1024w, https:\/\/archive.sana.sy\/es\/wp-content\/uploads\/2023\/08\/photo_2023-08-01_09-44-27-150x75.jpg 150w, https:\/\/archive.sana.sy\/es\/wp-content\/uploads\/2023\/08\/photo_2023-08-01_09-44-27-768x382.jpg 768w\" sizes=\"(max-width: 1280px) 100vw, 1280px\" \/><\/a>\n\t\t\t<\/div><\/figure>\n\t\t<\/div>\n\n<p style=\"text-align: justify\">fm\/as<\/p>\n","protected":false},"excerpt":{"rendered":"<p>Damasco, 01 ago (SANA) El presidente de Siria y comandante en Jefe del Ej\u00e9rcito y las Fuerzas Armadas, el teniente general Bashar Al-Assad, dirigi\u00f3 unas palabras a los militares sirios con motivo del septuag\u00e9simo octavo aniversario de la fundaci\u00f3n del Ej\u00e9rcito \u00c1rabe Sirio. El mandataario salud\u00f3 a los uniformados y asegur\u00f3 que ellos son fuente &hellip;<\/p>\n","protected":false},"author":42,"featured_media":305222,"comment_status":"closed","ping_status":"closed","sticky":false,"template":"","format":"standard","meta":{"footnotes":""},"categories":[597,20724,16237,583,626],"tags":[],"class_list":["post-305221","post","type-post","status-publish","format-standard","has-post-thumbnail","","category-cinta-de-noticias","category-minuto-a-minuto","category-presidence-de-la-republique-arabe-syria","category-slide","category-sr-presidente"],"_links":{"self":[{"href":"https:\/\/archive.sana.sy\/es\/index.php?rest_route=\/wp\/v2\/posts\/305221"}],"collection":[{"href":"https:\/\/archive.sana.sy\/es\/index.php?rest_route=\/wp\/v2\/posts"}],"about":[{"href":"https:\/\/archive.sana.sy\/es\/index.php?rest_route=\/wp\/v2\/types\/post"}],"author":[{"embeddable":true,"href":"https:\/\/archive.sana.sy\/es\/index.php?rest_route=\/wp\/v2\/users\/42"}],"replies":[{"embeddable":true,"href":"https:\/\/archive.sana.sy\/es\/index.php?rest_route=%2Fwp%2Fv2%2Fcomments&post=305221"}],"version-history":[{"count":3,"href":"https:\/\/archive.sana.sy\/es\/index.php?rest_route=\/wp\/v2\/posts\/305221\/revisions"}],"predecessor-version":[{"id":305286,"href":"https:\/\/archive.sana.sy\/es\/index.php?rest_route=\/wp\/v2\/posts\/305221\/revisions\/305286"}],"wp:featuredmedia":[{"embeddable":true,"href":"https:\/\/archive.sana.sy\/es\/index.php?rest_route=\/wp\/v2\/media\/305222"}],"wp:attachment":[{"href":"https:\/\/archive.sana.sy\/es\/index.php?rest_route=%2Fwp%2Fv2%2Fmedia&parent=305221"}],"wp:term":[{"taxonomy":"category","embeddable":true,"href":"https:\/\/archive.sana.sy\/es\/index.php?rest_route=%2Fwp%2Fv2%2Fcategories&post=305221"},{"taxonomy":"post_tag","embeddable":true,"href":"https:\/\/archive.sana.sy\/es\/index.php?rest_route=%2Fwp%2Fv2%2Ftags&post=305221"}],"curies":[{"name":"wp","href":"https:\/\/api.w.org\/{rel}","templated":true}]}}