{"id":30524,"date":"2015-09-25T16:02:30","date_gmt":"2015-09-25T13:02:30","guid":{"rendered":"http:\/\/sana.sy\/es\/?p=30524"},"modified":"2015-09-25T16:02:30","modified_gmt":"2015-09-25T13:02:30","slug":"133-peregrinos-iranies-perdieron-la-vida-en-el-accidente-de-mina-en-la-meca","status":"publish","type":"post","link":"https:\/\/archive.sana.sy\/es\/?p=30524","title":{"rendered":"133 peregrinos iran\u00edes perdieron la vida en el accidente de Mina, en La Meca"},"content":{"rendered":"<p style=\"text-align: justify\"><span style=\"color: #800000\">Teher\u00e1n, SANA<\/span>&#8211; El presidente de la Asamblea de Expertos de Ir\u00e1n, el ayatol\u00e1 Mohamad Yazdi, ha urgido a los pa\u00edses isl\u00e1micos a adoptar medidas coherentes sobre la administraci\u00f3n de los santuarios de La Meca.<\/p>\n<p style=\"text-align: justify\">\u201cEs imprescindible que las autoridades de los pa\u00edses isl\u00e1micos adopten una postura adecuada y tomen medidas coherentes para la administraci\u00f3n correcta y eficiente de La Meca\u201d, ha argumentado el ayatol\u00e1 Yazdi en un mensaje emitido este viernes sobre la tragedia ocurrida el jueves durante los rituales del Hach, cuando una estampida humana se sald\u00f3 con cientos de muertos.<\/p>\n<p style=\"text-align: justify\">Tras manifestar sus condolencias a los familiares de las v\u00edctimas de este tr\u00e1gico incidente, el cl\u00e9rigo iran\u00ed denuncia la ineficiencia de las autoridades de Riad en sus tareas de gestionar los rituales del Hach.<\/p>\n<p style=\"text-align: justify\">\nEn este mismo sentido, el presidente del Parlamento iran\u00ed (Mayles), Ali Lariyani tambi\u00e9n ha emitido un comunicado en el que exige a Riad asumir todas las responsabilidades de este mortal incidente.<\/p>\n<p style=\"text-align: justify\">En este contexto, el vicecanciller iran\u00ed para Asuntos \u00c1rabes y Africanos, Husein Amir Abdolahian, ha informado del env\u00edo de un avi\u00f3n especial a Arabia Saud\u00ed para repatriar en las pr\u00f3ximas horas los cuerpos de los peregrinos iran\u00edes que perecieron en la estampida en Mina.<\/p>\n<p style=\"text-align: justify\">Fue el jueves, con motivo de la celebraci\u00f3n del d\u00eda Eid al-Adha (la gran fiesta musulmana del Sacrificio), que unos dos millones de personas se hab\u00edan congregado para tomar parte en la \u201clapidaci\u00f3n del diablo\u201d, uno de los principales rituales del Hach, cuando miles de personas perdieron la vida o resultaron heridas. Seg\u00fan fuentes iran\u00edes, al menos 133 peregrinos iran\u00edes han muerto.<\/p>\n<p style=\"text-align: justify\">El jueves, la Canciller\u00eda iran\u00ed ha convocado al encargado de negocios de Arabia Saud\u00ed para expresarle sus cr\u00edticas por la &#8220;gesti\u00f3n irresponsable&#8221; de Riad en los ritos del Hach de este a\u00f1o.<\/p>\n<p style=\"text-align: justify\">Asimismo, el L\u00edder de la Revoluci\u00f3n Isl\u00e1mica de Ir\u00e1n, el ayatol\u00e1 Seyed Ali Jamenei, ha declarado tres d\u00edas de luto nacional y ha denunciado que \u201cla mala gesti\u00f3n y las acciones inapropiadas han causado esta cat\u00e1strofe\u201d.<\/p>\n<p>M.Miri<\/p>\n","protected":false},"excerpt":{"rendered":"<p>Teher\u00e1n, SANA&#8211; El presidente de la Asamblea de Expertos de Ir\u00e1n, el ayatol\u00e1 Mohamad Yazdi, ha urgido a los pa\u00edses isl\u00e1micos a adoptar medidas coherentes sobre la administraci\u00f3n de los santuarios de La Meca. \u201cEs imprescindible que las autoridades de los pa\u00edses isl\u00e1micos adopten una postura adecuada y tomen medidas coherentes para la administraci\u00f3n correcta &hellip;<\/p>\n","protected":false},"author":1,"featured_media":30525,"comment_status":"closed","ping_status":"closed","sticky":false,"template":"","format":"standard","meta":{"footnotes":""},"categories":[456,457,576],"tags":[6756,6757],"class_list":["post-30524","post","type-post","status-publish","format-standard","has-post-thumbnail","","category-arabe-internacional-politica","category-noticias-arabe-internacional-politica","category-noticias-politicas","tag-133-peregrinos-iranies-perdieron-la-vida-en-el-accidente-de-mina","tag-en-la-meca"],"_links":{"self":[{"href":"https:\/\/archive.sana.sy\/es\/index.php?rest_route=\/wp\/v2\/posts\/30524"}],"collection":[{"href":"https:\/\/archive.sana.sy\/es\/index.php?rest_route=\/wp\/v2\/posts"}],"about":[{"href":"https:\/\/archive.sana.sy\/es\/index.php?rest_route=\/wp\/v2\/types\/post"}],"author":[{"embeddable":true,"href":"https:\/\/archive.sana.sy\/es\/index.php?rest_route=\/wp\/v2\/users\/1"}],"replies":[{"embeddable":true,"href":"https:\/\/archive.sana.sy\/es\/index.php?rest_route=%2Fwp%2Fv2%2Fcomments&post=30524"}],"version-history":[{"count":0,"href":"https:\/\/archive.sana.sy\/es\/index.php?rest_route=\/wp\/v2\/posts\/30524\/revisions"}],"wp:featuredmedia":[{"embeddable":true,"href":"https:\/\/archive.sana.sy\/es\/index.php?rest_route=\/wp\/v2\/media\/30525"}],"wp:attachment":[{"href":"https:\/\/archive.sana.sy\/es\/index.php?rest_route=%2Fwp%2Fv2%2Fmedia&parent=30524"}],"wp:term":[{"taxonomy":"category","embeddable":true,"href":"https:\/\/archive.sana.sy\/es\/index.php?rest_route=%2Fwp%2Fv2%2Fcategories&post=30524"},{"taxonomy":"post_tag","embeddable":true,"href":"https:\/\/archive.sana.sy\/es\/index.php?rest_route=%2Fwp%2Fv2%2Ftags&post=30524"}],"curies":[{"name":"wp","href":"https:\/\/api.w.org\/{rel}","templated":true}]}}