{"id":30527,"date":"2015-09-25T16:29:22","date_gmt":"2015-09-25T13:29:22","guid":{"rendered":"http:\/\/sana.sy\/es\/?p=30527"},"modified":"2015-09-25T16:29:22","modified_gmt":"2015-09-25T13:29:22","slug":"obama-y-cameron-hablan-sobre-crisis-siria-y-de-los-refugiados","status":"publish","type":"post","link":"https:\/\/archive.sana.sy\/es\/?p=30527","title":{"rendered":"Obama y Cameron hablan sobre crisis siria y de los refugiados"},"content":{"rendered":"<p style=\"text-align: justify\"><span style=\"color: #800000\">Londres, SANA<\/span>&#8211; El presidente Barack Obama y el primer ministro brit\u00e1nico David Cameron hablaron por tel\u00e9fono sobre la crisis global de refugiados y la situaci\u00f3n en Siria, inform\u00f3 la Casa Blanca en un comunicado.<\/p>\n<p style=\"text-align: justify\">Obama y Cameron reafirmaron su compromiso para derrotar al Estado Isl\u00e1mico, lograr una transici\u00f3n pol\u00edtica para poner fin al conflicto en Siria, y la necesidad de enfocarse en el cambio clim\u00e1tico antes de la pr\u00f3xima conferencia internacional en Par\u00eds.<\/p>\n<p style=\"text-align: justify\">El premier brit\u00e1nico no es el primer l\u00edder con el que Obama habla esta semana sobre la crisis de refugiados en Europa.<\/p>\n<p style=\"text-align: justify\">El martes, el mandatario estadounidense habl\u00f3 por tel\u00e9fono con la canciller alemana Angela Merkel con quien discuti\u00f3 la respuesta europea a la crisis de refugiados sirios, y especialmente c\u00f3mo aliviar la ra\u00edz del problema, La Casa Blanca dijo que \u201clos dos l\u00edderes hablaron de la necesidad de buscar una soluci\u00f3n que abarque a todas las naciones europeas, donde todos los estados de la Uni\u00f3n Europea acepten un n\u00famero justo de refugiados\u201d.<\/p>\n<p>M.Miri<\/p>\n","protected":false},"excerpt":{"rendered":"<p>Londres, SANA&#8211; El presidente Barack Obama y el primer ministro brit\u00e1nico David Cameron hablaron por tel\u00e9fono sobre la crisis global de refugiados y la situaci\u00f3n en Siria, inform\u00f3 la Casa Blanca en un comunicado. Obama y Cameron reafirmaron su compromiso para derrotar al Estado Isl\u00e1mico, lograr una transici\u00f3n pol\u00edtica para poner fin al conflicto en &hellip;<\/p>\n","protected":false},"author":1,"featured_media":30528,"comment_status":"closed","ping_status":"closed","sticky":false,"template":"","format":"standard","meta":{"footnotes":""},"categories":[456,457,576],"tags":[6758],"class_list":["post-30527","post","type-post","status-publish","format-standard","has-post-thumbnail","","category-arabe-internacional-politica","category-noticias-arabe-internacional-politica","category-noticias-politicas","tag-obama-y-cameron-hablan-sobre-crisis-siria-y-de-los-refugiados"],"_links":{"self":[{"href":"https:\/\/archive.sana.sy\/es\/index.php?rest_route=\/wp\/v2\/posts\/30527"}],"collection":[{"href":"https:\/\/archive.sana.sy\/es\/index.php?rest_route=\/wp\/v2\/posts"}],"about":[{"href":"https:\/\/archive.sana.sy\/es\/index.php?rest_route=\/wp\/v2\/types\/post"}],"author":[{"embeddable":true,"href":"https:\/\/archive.sana.sy\/es\/index.php?rest_route=\/wp\/v2\/users\/1"}],"replies":[{"embeddable":true,"href":"https:\/\/archive.sana.sy\/es\/index.php?rest_route=%2Fwp%2Fv2%2Fcomments&post=30527"}],"version-history":[{"count":0,"href":"https:\/\/archive.sana.sy\/es\/index.php?rest_route=\/wp\/v2\/posts\/30527\/revisions"}],"wp:featuredmedia":[{"embeddable":true,"href":"https:\/\/archive.sana.sy\/es\/index.php?rest_route=\/wp\/v2\/media\/30528"}],"wp:attachment":[{"href":"https:\/\/archive.sana.sy\/es\/index.php?rest_route=%2Fwp%2Fv2%2Fmedia&parent=30527"}],"wp:term":[{"taxonomy":"category","embeddable":true,"href":"https:\/\/archive.sana.sy\/es\/index.php?rest_route=%2Fwp%2Fv2%2Fcategories&post=30527"},{"taxonomy":"post_tag","embeddable":true,"href":"https:\/\/archive.sana.sy\/es\/index.php?rest_route=%2Fwp%2Fv2%2Ftags&post=30527"}],"curies":[{"name":"wp","href":"https:\/\/api.w.org\/{rel}","templated":true}]}}