{"id":305272,"date":"2023-08-01T15:38:42","date_gmt":"2023-08-01T12:38:42","guid":{"rendered":"https:\/\/sana.sy\/es\/?p=305272"},"modified":"2023-08-01T15:38:42","modified_gmt":"2023-08-01T12:38:42","slug":"lukashenko-los-estadounidenses-estan-saboteando-y-destruyendo-europa","status":"publish","type":"post","link":"https:\/\/archive.sana.sy\/es\/?p=305272","title":{"rendered":"Lukashenko: Los estadounidenses est\u00e1n saboteando y destruyendo Europa"},"content":{"rendered":"<p style=\"text-align: justify;\"><span style=\"color: #800000;\"><strong>Minsk, 1 ago (SANA)<\/strong><\/span>\u00a0\u00a0 El presidente bielorruso Alexander Lukashenko, afirm\u00f3 hoy que Estados Unidos est\u00e1n tratando de destruir Europa.<\/p>\n<p style=\"text-align: justify;\">\u201cLos estadounidenses est\u00e1n saboteando y destruyendo Europa\u201d, afirm\u00f3 el mandatario citado por la agencia de noticias Novosti.<\/p>\n<p style=\"text-align: justify;\">Explic\u00f3 que \u201cWashington est\u00e1 apostando a los l\u00edderes de Polonia que han perdido el juicio y exportan los problemas al continente\u201d.<\/p>\n<p style=\"text-align: justify;\">Lukashenko se refiri\u00f3 al establecimiento de un ej\u00e9rcito profesional para mejorar las capacidades de defensa de su pa\u00eds.<\/p>\n<p style=\"text-align: justify;\">fm<\/p>\n","protected":false},"excerpt":{"rendered":"<p>Minsk, 1 ago (SANA)\u00a0\u00a0 El presidente bielorruso Alexander Lukashenko, afirm\u00f3 hoy que Estados Unidos est\u00e1n tratando de destruir Europa. \u201cLos estadounidenses est\u00e1n saboteando y destruyendo Europa\u201d, afirm\u00f3 el mandatario citado por la agencia de noticias Novosti. Explic\u00f3 que \u201cWashington est\u00e1 apostando a los l\u00edderes de Polonia que han perdido el juicio y exportan los problemas &hellip;<\/p>\n","protected":false},"author":34,"featured_media":305273,"comment_status":"closed","ping_status":"closed","sticky":false,"template":"","format":"standard","meta":{"footnotes":""},"categories":[597,20724,7541],"tags":[],"class_list":["post-305272","post","type-post","status-publish","format-standard","has-post-thumbnail","","category-cinta-de-noticias","category-minuto-a-minuto","category-ultimas-noticias"],"_links":{"self":[{"href":"https:\/\/archive.sana.sy\/es\/index.php?rest_route=\/wp\/v2\/posts\/305272"}],"collection":[{"href":"https:\/\/archive.sana.sy\/es\/index.php?rest_route=\/wp\/v2\/posts"}],"about":[{"href":"https:\/\/archive.sana.sy\/es\/index.php?rest_route=\/wp\/v2\/types\/post"}],"author":[{"embeddable":true,"href":"https:\/\/archive.sana.sy\/es\/index.php?rest_route=\/wp\/v2\/users\/34"}],"replies":[{"embeddable":true,"href":"https:\/\/archive.sana.sy\/es\/index.php?rest_route=%2Fwp%2Fv2%2Fcomments&post=305272"}],"version-history":[{"count":1,"href":"https:\/\/archive.sana.sy\/es\/index.php?rest_route=\/wp\/v2\/posts\/305272\/revisions"}],"predecessor-version":[{"id":305274,"href":"https:\/\/archive.sana.sy\/es\/index.php?rest_route=\/wp\/v2\/posts\/305272\/revisions\/305274"}],"wp:featuredmedia":[{"embeddable":true,"href":"https:\/\/archive.sana.sy\/es\/index.php?rest_route=\/wp\/v2\/media\/305273"}],"wp:attachment":[{"href":"https:\/\/archive.sana.sy\/es\/index.php?rest_route=%2Fwp%2Fv2%2Fmedia&parent=305272"}],"wp:term":[{"taxonomy":"category","embeddable":true,"href":"https:\/\/archive.sana.sy\/es\/index.php?rest_route=%2Fwp%2Fv2%2Fcategories&post=305272"},{"taxonomy":"post_tag","embeddable":true,"href":"https:\/\/archive.sana.sy\/es\/index.php?rest_route=%2Fwp%2Fv2%2Ftags&post=305272"}],"curies":[{"name":"wp","href":"https:\/\/api.w.org\/{rel}","templated":true}]}}