{"id":305275,"date":"2023-08-01T17:31:07","date_gmt":"2023-08-01T14:31:07","guid":{"rendered":"https:\/\/sana.sy\/es\/?p=305275"},"modified":"2023-08-01T17:35:26","modified_gmt":"2023-08-01T14:35:26","slug":"sirios-del-golan-ocupado-reiteran-su-apoyo-al-ejercito-sirio-en-aniversario-de-su-fundacion","status":"publish","type":"post","link":"https:\/\/archive.sana.sy\/es\/?p=305275","title":{"rendered":"Sirios del Gol\u00e1n ocupado reiteran su apoyo al ej\u00e9rcito de su pa\u00eds en aniversario de su fundaci\u00f3n"},"content":{"rendered":"<p style=\"text-align: justify\"><span style=\"color: #800000\"><strong>El Gol\u00e1n sirio ocupado, 01 ago (SANA)<\/strong><\/span> Los sirios del Gol\u00e1n ocupado reiteraron su pleno apoyo al Ej\u00e9rcito \u00c1rabe Sirio en el 78\u00ba aniversario de su fundaci\u00f3n.<\/p>\n<p style=\"text-align: justify\">Aseveraron que la tierra del Gol\u00e1n desde las alturas del monte Herm\u00f3n hasta Tiber\u00edades en el sur, fueron testigos de la hero\u00edsmo de los soldados sirios frente a las fuerzas ocupantes sionistas.<\/p>\n<p style=\"text-align: justify\">Afirmaron que el Ej\u00e9rcito sirio se ha convertido en un ejemplo que ha ense\u00f1ado a todos los ej\u00e9rcitos del mundo c\u00f3mo defender la soberan\u00eda de la patria a trav\u00e9s de su valent\u00eda en abortar los planes enemigos destinados a dividir a Siria, y en hacer cara a la m\u00e1s feroz guerra terrorista.<\/p>\n<p style=\"text-align: justify\">Expresaron su confianza en que los valientes militares sirios liberar\u00e1n, a la corta o a la larga, los Altos del Gol\u00e1n del ocupante israel\u00ed y alzar\u00e1n la bandera de Siria sobre su suelo.<\/p>\n<p style=\"text-align: justify\">la<\/p>\n","protected":false},"excerpt":{"rendered":"<p>El Gol\u00e1n sirio ocupado, 01 ago (SANA) Los sirios del Gol\u00e1n ocupado reiteraron su pleno apoyo al Ej\u00e9rcito \u00c1rabe Sirio en el 78\u00ba aniversario de su fundaci\u00f3n. Aseveraron que la tierra del Gol\u00e1n desde las alturas del monte Herm\u00f3n hasta Tiber\u00edades en el sur, fueron testigos de la hero\u00edsmo de los soldados sirios frente a &hellip;<\/p>\n","protected":false},"author":24,"featured_media":305276,"comment_status":"closed","ping_status":"closed","sticky":false,"template":"","format":"standard","meta":{"footnotes":""},"categories":[447,477,597,20724,476,448,7541],"tags":[22304,20027,6553],"class_list":["post-305275","post","type-post","status-publish","format-standard","has-post-thumbnail","","category-local-politica","category-noticias-edulcorantes","category-cinta-de-noticias","category-minuto-a-minuto","category-locales","category-noticias","category-ultimas-noticias","tag-aniversario-del-ejercito","tag-golan-sirio","tag-siria"],"_links":{"self":[{"href":"https:\/\/archive.sana.sy\/es\/index.php?rest_route=\/wp\/v2\/posts\/305275"}],"collection":[{"href":"https:\/\/archive.sana.sy\/es\/index.php?rest_route=\/wp\/v2\/posts"}],"about":[{"href":"https:\/\/archive.sana.sy\/es\/index.php?rest_route=\/wp\/v2\/types\/post"}],"author":[{"embeddable":true,"href":"https:\/\/archive.sana.sy\/es\/index.php?rest_route=\/wp\/v2\/users\/24"}],"replies":[{"embeddable":true,"href":"https:\/\/archive.sana.sy\/es\/index.php?rest_route=%2Fwp%2Fv2%2Fcomments&post=305275"}],"version-history":[{"count":4,"href":"https:\/\/archive.sana.sy\/es\/index.php?rest_route=\/wp\/v2\/posts\/305275\/revisions"}],"predecessor-version":[{"id":305280,"href":"https:\/\/archive.sana.sy\/es\/index.php?rest_route=\/wp\/v2\/posts\/305275\/revisions\/305280"}],"wp:featuredmedia":[{"embeddable":true,"href":"https:\/\/archive.sana.sy\/es\/index.php?rest_route=\/wp\/v2\/media\/305276"}],"wp:attachment":[{"href":"https:\/\/archive.sana.sy\/es\/index.php?rest_route=%2Fwp%2Fv2%2Fmedia&parent=305275"}],"wp:term":[{"taxonomy":"category","embeddable":true,"href":"https:\/\/archive.sana.sy\/es\/index.php?rest_route=%2Fwp%2Fv2%2Fcategories&post=305275"},{"taxonomy":"post_tag","embeddable":true,"href":"https:\/\/archive.sana.sy\/es\/index.php?rest_route=%2Fwp%2Fv2%2Ftags&post=305275"}],"curies":[{"name":"wp","href":"https:\/\/api.w.org\/{rel}","templated":true}]}}