{"id":305296,"date":"2023-08-01T20:16:18","date_gmt":"2023-08-01T17:16:18","guid":{"rendered":"https:\/\/sana.sy\/es\/?p=305296"},"modified":"2023-08-01T20:15:26","modified_gmt":"2023-08-01T17:15:26","slug":"fuerzas-armadas-sirias-conmemoran-su-dia-reiterando-su-determinacion-a-purificar-su-patria-del-terrorismo-y-el-ocupante","status":"publish","type":"post","link":"https:\/\/archive.sana.sy\/es\/?p=305296","title":{"rendered":"Fuerzas armadas sirias conmemoran su d\u00eda reiterando determinaci\u00f3n a acabar con el terrorismo y la ocupaci\u00f3n"},"content":{"rendered":"<p style=\"text-align: justify\"><span style=\"color: #800000\"><strong>Damasco, 01 ago (SANA)<\/strong> <\/span>Las fuerzas armadas de Siria conmemoraron este martes el 78\u00ba aniversario de la fundaci\u00f3n del Ej\u00e9rcito \u00c1rabe Sirio. En esta ocasi\u00f3n se llevaron a cabo una serie de desfiles militares en los que los combatientes sirios demostraron su alta habilidad de lucha.<\/p>\n<p style=\"text-align: justify\">Los oficiales y altos rangos militares pronunciaron discursos por medio de los cuales reiteraron la determinaci\u00f3n de los soldados sirios para avanzar hasta lograr la victoria definitiva y purificar la patria de todas las manifestaciones del terrorismo y la ocupaci\u00f3n.<\/p>\n<p><img loading=\"lazy\" decoding=\"async\" class=\"size-medium wp-image-305297 alignleft\" src=\"http:\/\/sana.sy\/es\/wp-content\/uploads\/2023\/08\/Fuerzas-armadas-sirias-conmemoran-su-dia-reiterando-su-determinacion-a-purificar-su-patria-del-terrorismo-y-el-ocupante-2-300x157.jpeg\" alt=\"\" width=\"300\" height=\"157\" srcset=\"https:\/\/archive.sana.sy\/es\/wp-content\/uploads\/2023\/08\/Fuerzas-armadas-sirias-conmemoran-su-dia-reiterando-su-determinacion-a-purificar-su-patria-del-terrorismo-y-el-ocupante-2-300x157.jpeg 300w, https:\/\/archive.sana.sy\/es\/wp-content\/uploads\/2023\/08\/Fuerzas-armadas-sirias-conmemoran-su-dia-reiterando-su-determinacion-a-purificar-su-patria-del-terrorismo-y-el-ocupante-2-150x78.jpeg 150w, https:\/\/archive.sana.sy\/es\/wp-content\/uploads\/2023\/08\/Fuerzas-armadas-sirias-conmemoran-su-dia-reiterando-su-determinacion-a-purificar-su-patria-del-terrorismo-y-el-ocupante-2.jpeg 660w\" sizes=\"(max-width: 300px) 100vw, 300px\" \/><\/p>\n<p style=\"text-align: justify\">Aseveraron que el Ej\u00e9rcito \u00c1rabe Sirio defendi\u00f3 a Siria y preserv\u00f3 la dignidad de su pueblo a lo largo de su honorable historia de lucha, y hoy en d\u00eda contin\u00faa con este legado y realiza los mayores sacrificios para enfrentar los multifac\u00e9ticos desaf\u00edos que vive el pa\u00eds.<\/p>\n<p style=\"text-align: justify\">Los l\u00edderes renovaron el pacto de lealtad a la patria y al l\u00edder, Sr. Presidente Bashar al-Assad, y confirmaron que el Ej\u00e9rcito sirio seguir\u00e1 siendo el garante de la estabilidad y seguridad de la patria.<\/p>\n<p style=\"text-align: justify\">Por el mismo motivo, los comandantes de las regiones militares visitaron los sepulcros de los m\u00e1rtires donde colocaron ofrendas florales en nombre del presidente al-Assad.<\/p>\n<p><iframe loading=\"lazy\" title=\"\u0642\u0648\u0627\u062a\u0646\u0627 \u0627\u0644\u0645\u0633\u0644\u062d\u0629 \u062a\u062d\u062a\u0641\u0644 \u0628\u0627\u0644\u0630\u0643\u0631\u0649 \u0627\u0644\u062b\u0627\u0645\u0646\u0629 \u0648\u0627\u0644\u0633\u0628\u0639\u064a\u0646 \u0644\u062a\u0623\u0633\u064a\u0633 \u0627\u0644\u062c\u064a\u0634 \u0627\u0644\u0639\u0631\u0628\u064a \u0627\u0644\u0633\u0648\u0631\u064a\" width=\"618\" height=\"348\" src=\"https:\/\/www.youtube.com\/embed\/CVCmj4vH2CE?feature=oembed\" frameborder=\"0\" allow=\"accelerometer; autoplay; clipboard-write; encrypted-media; gyroscope; picture-in-picture; web-share\" referrerpolicy=\"strict-origin-when-cross-origin\" allowfullscreen><\/iframe><\/p>\n<p style=\"text-align: justify\">la<\/p>\n","protected":false},"excerpt":{"rendered":"<p>Damasco, 01 ago (SANA) Las fuerzas armadas de Siria conmemoraron este martes el 78\u00ba aniversario de la fundaci\u00f3n del Ej\u00e9rcito \u00c1rabe Sirio. En esta ocasi\u00f3n se llevaron a cabo una serie de desfiles militares en los que los combatientes sirios demostraron su alta habilidad de lucha. Los oficiales y altos rangos militares pronunciaron discursos por &hellip;<\/p>\n","protected":false},"author":24,"featured_media":305298,"comment_status":"closed","ping_status":"closed","sticky":false,"template":"","format":"standard","meta":{"footnotes":""},"categories":[447,597,20724,476,448,7541],"tags":[22306,6553],"class_list":["post-305296","post","type-post","status-publish","format-standard","has-post-thumbnail","","category-local-politica","category-cinta-de-noticias","category-minuto-a-minuto","category-locales","category-noticias","category-ultimas-noticias","tag-aniversario-de-fundacion-del-ejercito","tag-siria"],"_links":{"self":[{"href":"https:\/\/archive.sana.sy\/es\/index.php?rest_route=\/wp\/v2\/posts\/305296"}],"collection":[{"href":"https:\/\/archive.sana.sy\/es\/index.php?rest_route=\/wp\/v2\/posts"}],"about":[{"href":"https:\/\/archive.sana.sy\/es\/index.php?rest_route=\/wp\/v2\/types\/post"}],"author":[{"embeddable":true,"href":"https:\/\/archive.sana.sy\/es\/index.php?rest_route=\/wp\/v2\/users\/24"}],"replies":[{"embeddable":true,"href":"https:\/\/archive.sana.sy\/es\/index.php?rest_route=%2Fwp%2Fv2%2Fcomments&post=305296"}],"version-history":[{"count":3,"href":"https:\/\/archive.sana.sy\/es\/index.php?rest_route=\/wp\/v2\/posts\/305296\/revisions"}],"predecessor-version":[{"id":305301,"href":"https:\/\/archive.sana.sy\/es\/index.php?rest_route=\/wp\/v2\/posts\/305296\/revisions\/305301"}],"wp:featuredmedia":[{"embeddable":true,"href":"https:\/\/archive.sana.sy\/es\/index.php?rest_route=\/wp\/v2\/media\/305298"}],"wp:attachment":[{"href":"https:\/\/archive.sana.sy\/es\/index.php?rest_route=%2Fwp%2Fv2%2Fmedia&parent=305296"}],"wp:term":[{"taxonomy":"category","embeddable":true,"href":"https:\/\/archive.sana.sy\/es\/index.php?rest_route=%2Fwp%2Fv2%2Fcategories&post=305296"},{"taxonomy":"post_tag","embeddable":true,"href":"https:\/\/archive.sana.sy\/es\/index.php?rest_route=%2Fwp%2Fv2%2Ftags&post=305296"}],"curies":[{"name":"wp","href":"https:\/\/api.w.org\/{rel}","templated":true}]}}