{"id":30530,"date":"2015-09-25T16:50:33","date_gmt":"2015-09-25T13:50:33","guid":{"rendered":"http:\/\/sana.sy\/es\/?p=30530"},"modified":"2015-09-25T16:50:33","modified_gmt":"2015-09-25T13:50:33","slug":"mueren-dos-soldados-en-choques-en-turquia-ejercito","status":"publish","type":"post","link":"https:\/\/archive.sana.sy\/es\/?p=30530","title":{"rendered":"Mueren dos soldados \u00a0en choques en Turqu\u00eda (ej\u00e9rcito)"},"content":{"rendered":"<p style=\"text-align: justify\"><span style=\"color: #800000\">Ankara, SANA<\/span>&#8211; Dos soldados turcos y 34 armados perdieron la vida en enfrentamientos ocurridos en las \u00faltimas 24 horas en el sureste de Turqu\u00eda, anunci\u00f3 el viernes el ej\u00e9rcito turco.<\/p>\n<p style=\"text-align: justify\">Seg\u00fan la agencia AFP, los militares fueron abatidos en dos ataques separados de la guerrilla kurda del Partido de los Trabajadores del Kurdist\u00e1n (PKK) que se produjeron cerca de la localidad de Beytussebap, en la provincia de Sirnak, indic\u00f3 un comunicado del Estado Mayor del ej\u00e9rcito.<\/p>\n<p style=\"text-align: justify\">Tras el ataque, las Fuerzas Armadas turcas han lanzado una serie de ataques a\u00e9reos en represalia, con los que han matado a unos 34 milicianos, seg\u00fan han informado fuentes de los servicios de seguridad consultadas por AFP.<\/p>\n<p>La escalada de violencia entre el Estado turco y el PKK no ha dejado de crecer desde el fin de un alto el fuego a finales de julio.<br \/>\nM.Miri<\/p>\n","protected":false},"excerpt":{"rendered":"<p>Ankara, SANA&#8211; Dos soldados turcos y 34 armados perdieron la vida en enfrentamientos ocurridos en las \u00faltimas 24 horas en el sureste de Turqu\u00eda, anunci\u00f3 el viernes el ej\u00e9rcito turco. Seg\u00fan la agencia AFP, los militares fueron abatidos en dos ataques separados de la guerrilla kurda del Partido de los Trabajadores del Kurdist\u00e1n (PKK) que &hellip;<\/p>\n","protected":false},"author":1,"featured_media":28233,"comment_status":"closed","ping_status":"closed","sticky":false,"template":"","format":"standard","meta":{"footnotes":""},"categories":[456,457,576],"tags":[6759],"class_list":["post-30530","post","type-post","status-publish","format-standard","has-post-thumbnail","","category-arabe-internacional-politica","category-noticias-arabe-internacional-politica","category-noticias-politicas","tag-mueren-dos-soldados-en-choques-en-turquia-ejercito"],"_links":{"self":[{"href":"https:\/\/archive.sana.sy\/es\/index.php?rest_route=\/wp\/v2\/posts\/30530"}],"collection":[{"href":"https:\/\/archive.sana.sy\/es\/index.php?rest_route=\/wp\/v2\/posts"}],"about":[{"href":"https:\/\/archive.sana.sy\/es\/index.php?rest_route=\/wp\/v2\/types\/post"}],"author":[{"embeddable":true,"href":"https:\/\/archive.sana.sy\/es\/index.php?rest_route=\/wp\/v2\/users\/1"}],"replies":[{"embeddable":true,"href":"https:\/\/archive.sana.sy\/es\/index.php?rest_route=%2Fwp%2Fv2%2Fcomments&post=30530"}],"version-history":[{"count":0,"href":"https:\/\/archive.sana.sy\/es\/index.php?rest_route=\/wp\/v2\/posts\/30530\/revisions"}],"wp:featuredmedia":[{"embeddable":true,"href":"https:\/\/archive.sana.sy\/es\/index.php?rest_route=\/wp\/v2\/media\/28233"}],"wp:attachment":[{"href":"https:\/\/archive.sana.sy\/es\/index.php?rest_route=%2Fwp%2Fv2%2Fmedia&parent=30530"}],"wp:term":[{"taxonomy":"category","embeddable":true,"href":"https:\/\/archive.sana.sy\/es\/index.php?rest_route=%2Fwp%2Fv2%2Fcategories&post=30530"},{"taxonomy":"post_tag","embeddable":true,"href":"https:\/\/archive.sana.sy\/es\/index.php?rest_route=%2Fwp%2Fv2%2Ftags&post=30530"}],"curies":[{"name":"wp","href":"https:\/\/api.w.org\/{rel}","templated":true}]}}