{"id":305308,"date":"2023-08-01T19:22:56","date_gmt":"2023-08-01T16:22:56","guid":{"rendered":"https:\/\/sana.sy\/es\/?p=305308"},"modified":"2023-08-01T19:22:56","modified_gmt":"2023-08-01T16:22:56","slug":"moscu-califica-de-inaceptable-el-plan-de-paz-propuesto-por-kiev","status":"publish","type":"post","link":"https:\/\/archive.sana.sy\/es\/?p=305308","title":{"rendered":"Mosc\u00fa califica de \u201cinaceptable\u201d el plan de paz propuesto por Kiev"},"content":{"rendered":"<p style=\"text-align: justify\"><span style=\"color: #800000\"><strong>Mosc\u00fa, 01 ago (SANA)<\/strong><\/span> La portavoz del Ministerio de Relaciones Exteriores de Rusia, Maria Zaj\u00e1rova, reiter\u00f3 la negativa de su pa\u00eds al plan de paz propuesto por el r\u00e9gimen de Kiev y lo tild\u00f3 de \u201cinaceptable\u201d.<\/p>\n<p style=\"text-align: justify\">La p\u00e1gina web RT cit\u00f3 a la vocera diciendo en declaraciones a la prensa hoy que el jefe del r\u00e9gimen ucraniano, Vladimir Zelensky, podr\u00eda ir a Nueva York para asistir a las reuniones de la Asamblea General de las Naciones Unidas con el objetivo de transmitir su f\u00f3rmula para la paz.<\/p>\n<p style=\"text-align: justify\">\u201cNo hay nada pac\u00edfico en esta f\u00f3rmula. Es otra historia provocativa redactada en cooperaci\u00f3n con Occidente\u201d, critic\u00f3.<\/p>\n<p style=\"text-align: justify\">Explic\u00f3 que la parte rusa ha reiterado en varias ocasiones que el plan de la soluci\u00f3n pac\u00edfica propuesto por las autoridades de Kiev es \u201cinaceptable\u201d, porque el mismo desconoce las realidades sobre el terreno.<\/p>\n<p style=\"text-align: justify\">\nla<\/p>\n","protected":false},"excerpt":{"rendered":"<p>Mosc\u00fa, 01 ago (SANA) La portavoz del Ministerio de Relaciones Exteriores de Rusia, Maria Zaj\u00e1rova, reiter\u00f3 la negativa de su pa\u00eds al plan de paz propuesto por el r\u00e9gimen de Kiev y lo tild\u00f3 de \u201cinaceptable\u201d. La p\u00e1gina web RT cit\u00f3 a la vocera diciendo en declaraciones a la prensa hoy que el jefe del &hellip;<\/p>\n","protected":false},"author":24,"featured_media":305309,"comment_status":"closed","ping_status":"closed","sticky":false,"template":"","format":"standard","meta":{"footnotes":""},"categories":[597,456,16687,20724,7541],"tags":[20281,22039,9117],"class_list":["post-305308","post","type-post","status-publish","format-standard","has-post-thumbnail","","category-cinta-de-noticias","category-arabe-internacional-politica","category-internacionales","category-minuto-a-minuto","category-ultimas-noticias","tag-kiev","tag-plan-de-paz","tag-zajarova"],"_links":{"self":[{"href":"https:\/\/archive.sana.sy\/es\/index.php?rest_route=\/wp\/v2\/posts\/305308"}],"collection":[{"href":"https:\/\/archive.sana.sy\/es\/index.php?rest_route=\/wp\/v2\/posts"}],"about":[{"href":"https:\/\/archive.sana.sy\/es\/index.php?rest_route=\/wp\/v2\/types\/post"}],"author":[{"embeddable":true,"href":"https:\/\/archive.sana.sy\/es\/index.php?rest_route=\/wp\/v2\/users\/24"}],"replies":[{"embeddable":true,"href":"https:\/\/archive.sana.sy\/es\/index.php?rest_route=%2Fwp%2Fv2%2Fcomments&post=305308"}],"version-history":[{"count":1,"href":"https:\/\/archive.sana.sy\/es\/index.php?rest_route=\/wp\/v2\/posts\/305308\/revisions"}],"predecessor-version":[{"id":305310,"href":"https:\/\/archive.sana.sy\/es\/index.php?rest_route=\/wp\/v2\/posts\/305308\/revisions\/305310"}],"wp:featuredmedia":[{"embeddable":true,"href":"https:\/\/archive.sana.sy\/es\/index.php?rest_route=\/wp\/v2\/media\/305309"}],"wp:attachment":[{"href":"https:\/\/archive.sana.sy\/es\/index.php?rest_route=%2Fwp%2Fv2%2Fmedia&parent=305308"}],"wp:term":[{"taxonomy":"category","embeddable":true,"href":"https:\/\/archive.sana.sy\/es\/index.php?rest_route=%2Fwp%2Fv2%2Fcategories&post=305308"},{"taxonomy":"post_tag","embeddable":true,"href":"https:\/\/archive.sana.sy\/es\/index.php?rest_route=%2Fwp%2Fv2%2Ftags&post=305308"}],"curies":[{"name":"wp","href":"https:\/\/api.w.org\/{rel}","templated":true}]}}