{"id":305311,"date":"2023-08-01T20:11:57","date_gmt":"2023-08-01T17:11:57","guid":{"rendered":"https:\/\/sana.sy\/es\/?p=305311"},"modified":"2023-08-01T20:12:25","modified_gmt":"2023-08-01T17:12:25","slug":"imperialismo-utilizan-el-conflicto-de-ucrania-para-destruir-a-rusia-critica-presidente-ortega","status":"publish","type":"post","link":"https:\/\/archive.sana.sy\/es\/?p=305311","title":{"rendered":"Imperialismo usa el conflicto de Ucrania para destruir a Rusia, critica presidente Ortega"},"content":{"rendered":"<p style=\"text-align: justify\"><span style=\"color: #800000\"><strong>Managua, 01 ago (SANA)<\/strong> <\/span>El presidente de Nicaragua, Daniel Ortega, se\u00f1al\u00f3 que los pa\u00edses de la OTAN se involucraron en el conflicto en Ucrania con el fin de destruir a Rusia.<\/p>\n<p style=\"text-align: justify\">En declaraciones que difundi\u00f3 el Canal 4 Nicaragua, el mandatario nicarag\u00fcense record\u00f3 que controlar y ocupar a Ucrania ha sido una pura aspiraci\u00f3n hist\u00f3rica de los imperios europeos.<\/p>\n<p style=\"text-align: justify\">\u201cEsa ya no es una guerra entre la Federaci\u00f3n de Rusia y Ucrania, esa es una guerra de los imperialistas de la tierra encabezados por la OTAN, por EEUU, intentando destruir a la Federaci\u00f3n de Rusia con el objetivo de instalarse como los amos del planeta\u201d, coment\u00f3.<\/p>\n<p style=\"text-align: justify\">En el mismo contexto, Ortega destac\u00f3 que el presidente estadounidense, Joe Biden, se reuni\u00f3 con sus hom\u00f3logos europeos s\u00f3lo para escalar el conflicto en Ucrania.<\/p>\n<p style=\"text-align: justify\">Por otro lado, el presidente del pa\u00eds centroamericano aclar\u00f3 a pesar de que este conflicto est\u00e1 debilitando la econom\u00eda, la estabilidad social en los pa\u00edses europeos y tambi\u00e9n en EEUU, sin embargo \u201chasta el momento parecen enloquecidos creyendo que es posible alcanzar una victoria de la OTAN&#8221;.<\/p>\n<p style=\"text-align: justify\">&#8220;Ah\u00ed no hay m\u00e1s alternativa que la paz, es la \u00fanica alternativa y que la OTAN se retire y que deje que Rusia con Ucrania se pongan de acuerdo para lograr la paz\u201d, subray\u00f3.<\/p>\n<p style=\"text-align: justify\">Destac\u00f3 que Rusia no aspira a ocupar Ucrania, \u201cesto no est\u00e1 en los objetivos de la operaci\u00f3n militar especial que hab\u00eda explicado el presidente Putin&#8221;, enfatiz\u00f3.<\/p>\n<p style=\"text-align: justify\">la<\/p>\n","protected":false},"excerpt":{"rendered":"<p>Managua, 01 ago (SANA) El presidente de Nicaragua, Daniel Ortega, se\u00f1al\u00f3 que los pa\u00edses de la OTAN se involucraron en el conflicto en Ucrania con el fin de destruir a Rusia. En declaraciones que difundi\u00f3 el Canal 4 Nicaragua, el mandatario nicarag\u00fcense record\u00f3 que controlar y ocupar a Ucrania ha sido una pura aspiraci\u00f3n hist\u00f3rica &hellip;<\/p>\n","protected":false},"author":24,"featured_media":305312,"comment_status":"closed","ping_status":"closed","sticky":false,"template":"","format":"standard","meta":{"footnotes":""},"categories":[597,456,16687,20724,7541],"tags":[19629,19811,6695,20357],"class_list":["post-305311","post","type-post","status-publish","format-standard","has-post-thumbnail","","category-cinta-de-noticias","category-arabe-internacional-politica","category-internacionales","category-minuto-a-minuto","category-ultimas-noticias","tag-nicaragua","tag-otan","tag-rusia","tag-ucrania"],"_links":{"self":[{"href":"https:\/\/archive.sana.sy\/es\/index.php?rest_route=\/wp\/v2\/posts\/305311"}],"collection":[{"href":"https:\/\/archive.sana.sy\/es\/index.php?rest_route=\/wp\/v2\/posts"}],"about":[{"href":"https:\/\/archive.sana.sy\/es\/index.php?rest_route=\/wp\/v2\/types\/post"}],"author":[{"embeddable":true,"href":"https:\/\/archive.sana.sy\/es\/index.php?rest_route=\/wp\/v2\/users\/24"}],"replies":[{"embeddable":true,"href":"https:\/\/archive.sana.sy\/es\/index.php?rest_route=%2Fwp%2Fv2%2Fcomments&post=305311"}],"version-history":[{"count":3,"href":"https:\/\/archive.sana.sy\/es\/index.php?rest_route=\/wp\/v2\/posts\/305311\/revisions"}],"predecessor-version":[{"id":305315,"href":"https:\/\/archive.sana.sy\/es\/index.php?rest_route=\/wp\/v2\/posts\/305311\/revisions\/305315"}],"wp:featuredmedia":[{"embeddable":true,"href":"https:\/\/archive.sana.sy\/es\/index.php?rest_route=\/wp\/v2\/media\/305312"}],"wp:attachment":[{"href":"https:\/\/archive.sana.sy\/es\/index.php?rest_route=%2Fwp%2Fv2%2Fmedia&parent=305311"}],"wp:term":[{"taxonomy":"category","embeddable":true,"href":"https:\/\/archive.sana.sy\/es\/index.php?rest_route=%2Fwp%2Fv2%2Fcategories&post=305311"},{"taxonomy":"post_tag","embeddable":true,"href":"https:\/\/archive.sana.sy\/es\/index.php?rest_route=%2Fwp%2Fv2%2Ftags&post=305311"}],"curies":[{"name":"wp","href":"https:\/\/api.w.org\/{rel}","templated":true}]}}