{"id":305316,"date":"2023-08-01T20:41:50","date_gmt":"2023-08-01T17:41:50","guid":{"rendered":"https:\/\/sana.sy\/es\/?p=305316"},"modified":"2023-08-01T20:41:50","modified_gmt":"2023-08-01T17:41:50","slug":"turistas-italianos-y-checos-disfrutan-sus-vacaciones-en-siria-fotos","status":"publish","type":"post","link":"https:\/\/archive.sana.sy\/es\/?p=305316","title":{"rendered":"Turistas italianos y checos disfrutan sus vacaciones en Siria (+ fotos)"},"content":{"rendered":"<blockquote>\n<p style=\"text-align: justify\"><span style=\"color: #993300\">El Ministerio de Turismo de Siria anunci\u00f3 recientemente que el n\u00famero de extranjeros que visitaron el pa\u00eds durante el primer semestre de 2023 ascendi\u00f3 al mill\u00f3n.<\/span><\/p>\n<\/blockquote>\n<p style=\"text-align: justify\"><span style=\"color: #800000\"><strong>Deraa, 01 ago (SANA)<\/strong> <\/span>Un grupo de 32 turistas italianos y otro de 9 visitantes de la Rep\u00fablica checa visitaron la ciudad hist\u00f3rica de Bosra al-Sham en la regi\u00f3n sure\u00f1a de Siria e ilustra las civilizaciones romanas, bizantinas y musulmanas.<br \/>\nLos turistas expresaron su satisfacci\u00f3n por estar en este sitio hist\u00f3rico en que fue incluido en 1980 por la UNESCO en la lista del Patrimonio de la Humanidad.<\/p>\n<p style=\"text-align: justify\">Asimismo, manifestaron su j\u00fabilo por conocer de cerca el magn\u00edfico anfiteatro romano de Bosra que se remonta al siglo II y disfrutar la belleza de sus monumentos arqueol\u00f3gicos.<\/p>\n<p><img loading=\"lazy\" decoding=\"async\" class=\"size-medium wp-image-305318 alignleft\" src=\"http:\/\/sana.sy\/es\/wp-content\/uploads\/2023\/08\/Turistas-italianos-y-checos-disfrutan-sus-vacaciones-en-Siria-1-300x171.jpeg\" alt=\"\" width=\"300\" height=\"171\" srcset=\"https:\/\/archive.sana.sy\/es\/wp-content\/uploads\/2023\/08\/Turistas-italianos-y-checos-disfrutan-sus-vacaciones-en-Siria-1-300x171.jpeg 300w, https:\/\/archive.sana.sy\/es\/wp-content\/uploads\/2023\/08\/Turistas-italianos-y-checos-disfrutan-sus-vacaciones-en-Siria-1-150x86.jpeg 150w, https:\/\/archive.sana.sy\/es\/wp-content\/uploads\/2023\/08\/Turistas-italianos-y-checos-disfrutan-sus-vacaciones-en-Siria-1.jpeg 660w\" sizes=\"(max-width: 300px) 100vw, 300px\" \/><\/p>\n<p style=\"text-align: justify\">El Ministerio de Turismo de Siria anunci\u00f3 recientemente que el n\u00famero de extranjeros que visitaron el pa\u00eds durante el primer semestre de 2023 registr\u00f3 un notable incremento.<\/p>\n<p style=\"text-align: justify\">De acuerdo con los datos del ente publicado en su sitio web, el aumento fue del 37 por ciento en comparaci\u00f3n con el mismo periodo en 2022.<\/p>\n<p style=\"text-align: justify\">Alrededor de un mill\u00f3n de extranjeros visitaron el pa\u00eds, entre ellos 880 mil de territorios \u00e1rabes, y 120 mil de otras nacionalidades, precis\u00f3.<\/p>\n<p style=\"text-align: justify\">En 2010, el a\u00f1o anterior al comienzo de la guerra, el pa\u00eds recibi\u00f3 ocho millones 500 mil visitantes, y este sector aportaba unos ingresos que constituyeron el 9,0 por ciento del Producto Interno Bruto, pero despu\u00e9s la afluencia de turistas cay\u00f3 un 98 por ciento.<\/p>\n<p style=\"text-align: justify\">\n<p style=\"text-align: justify\">la\/fm<\/p>\n","protected":false},"excerpt":{"rendered":"<p>El Ministerio de Turismo de Siria anunci\u00f3 recientemente que el n\u00famero de extranjeros que visitaron el pa\u00eds durante el primer semestre de 2023 ascendi\u00f3 al mill\u00f3n. Deraa, 01 ago (SANA) Un grupo de 32 turistas italianos y otro de 9 visitantes de la Rep\u00fablica checa visitaron la ciudad hist\u00f3rica de Bosra al-Sham en la regi\u00f3n &hellip;<\/p>\n","protected":false},"author":24,"featured_media":305317,"comment_status":"closed","ping_status":"closed","sticky":false,"template":"","format":"standard","meta":{"footnotes":""},"categories":[447,597,20724,476,448,583],"tags":[22308,6553,20064],"class_list":["post-305316","post","type-post","status-publish","format-standard","has-post-thumbnail","","category-local-politica","category-cinta-de-noticias","category-minuto-a-minuto","category-locales","category-noticias","category-slide","tag-deraa-bosra-al-shaam","tag-siria","tag-turismo"],"_links":{"self":[{"href":"https:\/\/archive.sana.sy\/es\/index.php?rest_route=\/wp\/v2\/posts\/305316"}],"collection":[{"href":"https:\/\/archive.sana.sy\/es\/index.php?rest_route=\/wp\/v2\/posts"}],"about":[{"href":"https:\/\/archive.sana.sy\/es\/index.php?rest_route=\/wp\/v2\/types\/post"}],"author":[{"embeddable":true,"href":"https:\/\/archive.sana.sy\/es\/index.php?rest_route=\/wp\/v2\/users\/24"}],"replies":[{"embeddable":true,"href":"https:\/\/archive.sana.sy\/es\/index.php?rest_route=%2Fwp%2Fv2%2Fcomments&post=305316"}],"version-history":[{"count":1,"href":"https:\/\/archive.sana.sy\/es\/index.php?rest_route=\/wp\/v2\/posts\/305316\/revisions"}],"predecessor-version":[{"id":305319,"href":"https:\/\/archive.sana.sy\/es\/index.php?rest_route=\/wp\/v2\/posts\/305316\/revisions\/305319"}],"wp:featuredmedia":[{"embeddable":true,"href":"https:\/\/archive.sana.sy\/es\/index.php?rest_route=\/wp\/v2\/media\/305317"}],"wp:attachment":[{"href":"https:\/\/archive.sana.sy\/es\/index.php?rest_route=%2Fwp%2Fv2%2Fmedia&parent=305316"}],"wp:term":[{"taxonomy":"category","embeddable":true,"href":"https:\/\/archive.sana.sy\/es\/index.php?rest_route=%2Fwp%2Fv2%2Fcategories&post=305316"},{"taxonomy":"post_tag","embeddable":true,"href":"https:\/\/archive.sana.sy\/es\/index.php?rest_route=%2Fwp%2Fv2%2Ftags&post=305316"}],"curies":[{"name":"wp","href":"https:\/\/api.w.org\/{rel}","templated":true}]}}