{"id":30532,"date":"2015-09-25T17:03:47","date_gmt":"2015-09-25T14:03:47","guid":{"rendered":"http:\/\/sana.sy\/es\/?p=30532"},"modified":"2023-01-09T14:09:47","modified_gmt":"2023-01-09T12:09:47","slug":"un-civil-muerto-tras-ataque-terrorista-contra-damasco","status":"publish","type":"post","link":"https:\/\/archive.sana.sy\/es\/?p=30532","title":{"rendered":"Un civil muerto tras ataque terrorista contra Damasco"},"content":{"rendered":"<p style=\"text-align: justify\"><span style=\"color: #800000\">Damasco, SANA<\/span>\u2013 Una personas perdi\u00f3 la vida y otras tres resultaron heridos, entre ellos una mujer, por el impacto de proyectiles de cohetes lanzados por terroristas contra barrios residenciales en la capital de Damasco y su campo.<\/p>\n<p style=\"text-align: justify\">Una fuente en la provincia inform\u00f3 que terroristas dispararon este viernes dos proyectiles de cohetes contra la aldea de Harfa en el extremo suroeste del campo de Damasco, dejando un anciano de 70 a\u00f1os muerto y tres heridos.<\/p>\n<p style=\"text-align: justify\">El ataque terrorista caus\u00f3 tambi\u00e9n da\u00f1os materiales.<\/p>\n<p>M.Miri<\/p>\n","protected":false},"excerpt":{"rendered":"<p>Damasco, SANA\u2013 Una personas perdi\u00f3 la vida y otras tres resultaron heridos, entre ellos una mujer, por el impacto de proyectiles de cohetes lanzados por terroristas contra barrios residenciales en la capital de Damasco y su campo. Una fuente en la provincia inform\u00f3 que terroristas dispararon este viernes dos proyectiles de cohetes contra la aldea &hellip;<\/p>\n","protected":false},"author":1,"featured_media":17691,"comment_status":"closed","ping_status":"closed","sticky":false,"template":"","format":"standard","meta":{"footnotes":""},"categories":[477,476],"tags":[6760],"class_list":["post-30532","post","type-post","status-publish","format-standard","has-post-thumbnail","","category-noticias-edulcorantes","category-locales","tag-un-civil-muerto-tras-ataque-terrorista-contra-damasco"],"_links":{"self":[{"href":"https:\/\/archive.sana.sy\/es\/index.php?rest_route=\/wp\/v2\/posts\/30532"}],"collection":[{"href":"https:\/\/archive.sana.sy\/es\/index.php?rest_route=\/wp\/v2\/posts"}],"about":[{"href":"https:\/\/archive.sana.sy\/es\/index.php?rest_route=\/wp\/v2\/types\/post"}],"author":[{"embeddable":true,"href":"https:\/\/archive.sana.sy\/es\/index.php?rest_route=\/wp\/v2\/users\/1"}],"replies":[{"embeddable":true,"href":"https:\/\/archive.sana.sy\/es\/index.php?rest_route=%2Fwp%2Fv2%2Fcomments&post=30532"}],"version-history":[{"count":0,"href":"https:\/\/archive.sana.sy\/es\/index.php?rest_route=\/wp\/v2\/posts\/30532\/revisions"}],"wp:featuredmedia":[{"embeddable":true,"href":"https:\/\/archive.sana.sy\/es\/index.php?rest_route=\/wp\/v2\/media\/17691"}],"wp:attachment":[{"href":"https:\/\/archive.sana.sy\/es\/index.php?rest_route=%2Fwp%2Fv2%2Fmedia&parent=30532"}],"wp:term":[{"taxonomy":"category","embeddable":true,"href":"https:\/\/archive.sana.sy\/es\/index.php?rest_route=%2Fwp%2Fv2%2Fcategories&post=30532"},{"taxonomy":"post_tag","embeddable":true,"href":"https:\/\/archive.sana.sy\/es\/index.php?rest_route=%2Fwp%2Fv2%2Ftags&post=30532"}],"curies":[{"name":"wp","href":"https:\/\/api.w.org\/{rel}","templated":true}]}}