{"id":30534,"date":"2015-09-25T17:29:47","date_gmt":"2015-09-25T14:29:47","guid":{"rendered":"http:\/\/sana.sy\/es\/?p=30534"},"modified":"2023-01-09T14:09:47","modified_gmt":"2023-01-09T12:09:47","slug":"dos-civiles-heridos-en-un-ataque-terrorista-contra-la-ciudad-de-homs","status":"publish","type":"post","link":"https:\/\/archive.sana.sy\/es\/?p=30534","title":{"rendered":"Dos civiles heridos en un ataque terrorista contra la ciudad de Homs"},"content":{"rendered":"<p style=\"text-align: justify\"><span style=\"color: #800000\">Homs, SANA<\/span>-La ciudad de Homs, ha sido blanco de un ataque terrorista con proyectiles de cohetes, seg\u00fan inform\u00f3 una fuente de la comandancia de polic\u00eda.<\/p>\n<p style=\"text-align: justify\">De acuerdo con la fuente, este viernes, varios cohetes impactaron en el barrio residencial de al-Zahra\u00e1 en la ciudad de Homs, dejando dos civiles heridos.<\/p>\n<p style=\"text-align: justify\">La fuente agreg\u00f3 que los ataques causaron adem\u00e1s colosales da\u00f1os materiales en los edificios y las tiendas.<\/p>\n<p style=\"text-align: justify\">Cabe se\u00f1alar que los grupos terroristas en la urbe, atacaron en el lunes pasado del mes en curso los barrios residenciales al-Muhayiri y al-Abbasiyah en la ciudad de Homs, con proyectiles de cohetes causado la muerte a un ni\u00f1o.<\/p>\n<p>M.Miri<\/p>\n","protected":false},"excerpt":{"rendered":"<p>Homs, SANA-La ciudad de Homs, ha sido blanco de un ataque terrorista con proyectiles de cohetes, seg\u00fan inform\u00f3 una fuente de la comandancia de polic\u00eda. De acuerdo con la fuente, este viernes, varios cohetes impactaron en el barrio residencial de al-Zahra\u00e1 en la ciudad de Homs, dejando dos civiles heridos. La fuente agreg\u00f3 que los &hellip;<\/p>\n","protected":false},"author":1,"featured_media":30535,"comment_status":"closed","ping_status":"closed","sticky":false,"template":"","format":"standard","meta":{"footnotes":""},"categories":[477,476],"tags":[6761],"class_list":["post-30534","post","type-post","status-publish","format-standard","has-post-thumbnail","","category-noticias-edulcorantes","category-locales","tag-dos-civiles-heridos-en-un-ataque-terrorista-contra-la-ciudad-de-homs"],"_links":{"self":[{"href":"https:\/\/archive.sana.sy\/es\/index.php?rest_route=\/wp\/v2\/posts\/30534"}],"collection":[{"href":"https:\/\/archive.sana.sy\/es\/index.php?rest_route=\/wp\/v2\/posts"}],"about":[{"href":"https:\/\/archive.sana.sy\/es\/index.php?rest_route=\/wp\/v2\/types\/post"}],"author":[{"embeddable":true,"href":"https:\/\/archive.sana.sy\/es\/index.php?rest_route=\/wp\/v2\/users\/1"}],"replies":[{"embeddable":true,"href":"https:\/\/archive.sana.sy\/es\/index.php?rest_route=%2Fwp%2Fv2%2Fcomments&post=30534"}],"version-history":[{"count":0,"href":"https:\/\/archive.sana.sy\/es\/index.php?rest_route=\/wp\/v2\/posts\/30534\/revisions"}],"wp:featuredmedia":[{"embeddable":true,"href":"https:\/\/archive.sana.sy\/es\/index.php?rest_route=\/wp\/v2\/media\/30535"}],"wp:attachment":[{"href":"https:\/\/archive.sana.sy\/es\/index.php?rest_route=%2Fwp%2Fv2%2Fmedia&parent=30534"}],"wp:term":[{"taxonomy":"category","embeddable":true,"href":"https:\/\/archive.sana.sy\/es\/index.php?rest_route=%2Fwp%2Fv2%2Fcategories&post=30534"},{"taxonomy":"post_tag","embeddable":true,"href":"https:\/\/archive.sana.sy\/es\/index.php?rest_route=%2Fwp%2Fv2%2Ftags&post=30534"}],"curies":[{"name":"wp","href":"https:\/\/api.w.org\/{rel}","templated":true}]}}