{"id":30540,"date":"2015-09-25T19:02:52","date_gmt":"2015-09-25T16:02:52","guid":{"rendered":"http:\/\/sana.sy\/es\/?p=30540"},"modified":"2015-09-25T19:09:19","modified_gmt":"2015-09-25T16:09:19","slug":"cancilleria-rusa-moscu-participaria-en-la-coalicion-internacional-ati-daesh-bajo-unas-condiciones","status":"publish","type":"post","link":"https:\/\/archive.sana.sy\/es\/?p=30540","title":{"rendered":"Canciller\u00eda rusa: Mosc\u00fa participar\u00eda en la coalici\u00f3n internacional ati-Daesh bajo unas condiciones"},"content":{"rendered":"<p style=\"text-align: justify\"><span style=\"color: #800000\">Mosc\u00fa, SANA<\/span>&#8211; El Ministerio de Relaciones Exteriores ruso anunci\u00f3 hoy que Mosc\u00fa podr\u00eda unirse a la coalici\u00f3n internacional contra la organizaci\u00f3n terrorista \/ Daesh \/ en caso de aplicaci\u00f3n de una serie de condiciones, incluyendo la participaci\u00f3n de todas las partes involucradas y obtener una autorizaci\u00f3n del Consejo de Seguridad de la ONU, adem\u00e1s de un respeto pleno del derecho internacional, seg\u00fan coment\u00f3 el director del Departamento para los Asuntos de Nuevos Desaf\u00edos y Amenazas del Ministerio de Asuntos Exteriores de Rusia.<\/p>\n<p style=\"text-align: justify\">El Representante Permanente de Rusia en la ONU, Vitaly Churkin enfatiz\u00f3 el pasado martes que la coalici\u00f3n internacional liderada por Estados Unidos se neg\u00f3 a cooperar con el gobierno sirio y trabaja sin la autorizaci\u00f3n del el Consejo de Seguridad de la ONU, y esto crea dificultades y obst\u00e1culos en la lucha contra el grupo terrorista \/ Daesh \/.<\/p>\n<p style=\"text-align: justify\"><span style=\"color: #0000ff\">Lavrov y Kerry se reunir\u00e1n el domingo en Nueva York<\/span><\/p>\n<p style=\"text-align: justify\">El ministro de Asuntos Exteriores ruso, Sergu\u00e9i Lavrov, y el secretario de Estado estadounidense, John Kerry, mantendr\u00e1n un encuentro el pr\u00f3ximo domingo en Nueva York, en el marco de la Asamblea General de la ONU.<\/p>\n<p style=\"text-align: justify\">&#8220;Lavrov y Kerry tienen programados dos encuentros, el 27 y el 29 de septiembre&#8221;, declar\u00f3 Novosti la portavoz del Ministerio de Exteriores ruso, Mar\u00eda Zaj\u00e1rova.<\/p>\n<p style=\"text-align: justify\">Se prev\u00e9 que ambos diplom\u00e1ticos discutan la situaci\u00f3n en Siria, Ucrania y el cumplimiento del acuerdo nuclear iran\u00ed.<\/p>\n<p style=\"text-align: justify\">Anteriormente, el Kremlin y la Casa Blanca confirmaron una reuni\u00f3n entre Putin y Obama en Nueva York en el marco de la Asamblea General anual de Naciones Unidas.<\/p>\n<p>M.Miri<\/p>\n","protected":false},"excerpt":{"rendered":"<p>Mosc\u00fa, SANA&#8211; El Ministerio de Relaciones Exteriores ruso anunci\u00f3 hoy que Mosc\u00fa podr\u00eda unirse a la coalici\u00f3n internacional contra la organizaci\u00f3n terrorista \/ Daesh \/ en caso de aplicaci\u00f3n de una serie de condiciones, incluyendo la participaci\u00f3n de todas las partes involucradas y obtener una autorizaci\u00f3n del Consejo de Seguridad de la ONU, adem\u00e1s de &hellip;<\/p>\n","protected":false},"author":1,"featured_media":28505,"comment_status":"closed","ping_status":"closed","sticky":false,"template":"","format":"standard","meta":{"footnotes":""},"categories":[456,457,576],"tags":[6763],"class_list":["post-30540","post","type-post","status-publish","format-standard","has-post-thumbnail","","category-arabe-internacional-politica","category-noticias-arabe-internacional-politica","category-noticias-politicas","tag-cancilleria-rusa-moscu-participaria-en-la-coalicion-internacional-ati-daesh-bajo-unas-condiciones"],"_links":{"self":[{"href":"https:\/\/archive.sana.sy\/es\/index.php?rest_route=\/wp\/v2\/posts\/30540"}],"collection":[{"href":"https:\/\/archive.sana.sy\/es\/index.php?rest_route=\/wp\/v2\/posts"}],"about":[{"href":"https:\/\/archive.sana.sy\/es\/index.php?rest_route=\/wp\/v2\/types\/post"}],"author":[{"embeddable":true,"href":"https:\/\/archive.sana.sy\/es\/index.php?rest_route=\/wp\/v2\/users\/1"}],"replies":[{"embeddable":true,"href":"https:\/\/archive.sana.sy\/es\/index.php?rest_route=%2Fwp%2Fv2%2Fcomments&post=30540"}],"version-history":[{"count":0,"href":"https:\/\/archive.sana.sy\/es\/index.php?rest_route=\/wp\/v2\/posts\/30540\/revisions"}],"wp:featuredmedia":[{"embeddable":true,"href":"https:\/\/archive.sana.sy\/es\/index.php?rest_route=\/wp\/v2\/media\/28505"}],"wp:attachment":[{"href":"https:\/\/archive.sana.sy\/es\/index.php?rest_route=%2Fwp%2Fv2%2Fmedia&parent=30540"}],"wp:term":[{"taxonomy":"category","embeddable":true,"href":"https:\/\/archive.sana.sy\/es\/index.php?rest_route=%2Fwp%2Fv2%2Fcategories&post=30540"},{"taxonomy":"post_tag","embeddable":true,"href":"https:\/\/archive.sana.sy\/es\/index.php?rest_route=%2Fwp%2Fv2%2Ftags&post=30540"}],"curies":[{"name":"wp","href":"https:\/\/api.w.org\/{rel}","templated":true}]}}