{"id":305410,"date":"2023-08-02T17:56:27","date_gmt":"2023-08-02T14:56:27","guid":{"rendered":"http:\/\/sana.sy\/es\/?p=305410"},"modified":"2023-08-02T20:04:57","modified_gmt":"2023-08-02T17:04:57","slug":"bolivia-entrega-una-nota-oficial-a-rusia-sobre-su-deseo-de-unirse-al-brics","status":"publish","type":"post","link":"https:\/\/archive.sana.sy\/es\/?p=305410","title":{"rendered":"Bolivia entrega una nota oficial a Rusia sobre su deseo de unirse al BRICS"},"content":{"rendered":"<p style=\"text-align: justify\"><span style=\"color: #800000\"><strong>Mosc\u00fa, 02 ago (SANA)<\/strong><\/span> La Embajada de Bolivia en Mosc\u00fa envi\u00f3 una nota a la parte rusa sobre su deseo de unirse a BRICS, cit\u00f3 la agencia Tass a la embajadora boliviana ante Mosc\u00fa, Mar\u00eda Luisa Ramos Urzagaste.<\/p>\n<p style=\"text-align: justify\">&#8220;Entregamos esta nota sobre nuestro deseo de unirnos a todos los pa\u00edses BRICS. Y luego, por decisi\u00f3n de BRICS, el presidente fue invitado a la cumbre. Precisamente porque ya hemos presentado una solicitud. Y, por supuesto, aqu\u00ed entregamos la solicitud ,&#8221; ella dijo.<\/p>\n<p style=\"text-align: justify\">Expres\u00f3 la satisfacci\u00f3n de Bolivia por la decisi\u00f3n del bloque de invitar al presidente boliviano, Luis Arce, a la cumbre sudafricana.<\/p>\n<p style=\"text-align: justify\">Coment\u00f3 que BRICS es un espacio donde se puede construir el mundo multipolar porque hay di\u00e1logo democr\u00e1tico y est\u00e1n surgiendo nuevas organizaciones e instituciones.<\/p>\n<p style=\"text-align: justify\">Destac\u00f3 que su pa\u00eds podr\u00e1 transmitir su experiencia como pa\u00eds libre e independiente a la alianza.<\/p>\n<p style=\"text-align: justify\">El 12 de junio, el mandatario del pa\u00eds latinoamericana hab\u00eda expresado de manera oficial la intenci\u00f3n de La Paz de unirse al grupo BRICS, seg\u00fan coment\u00f3 el canciller boliviano, Rogelio Mayta.<\/p>\n<p style=\"text-align: justify\">la<\/p>\n","protected":false},"excerpt":{"rendered":"<p>Mosc\u00fa, 02 ago (SANA) La Embajada de Bolivia en Mosc\u00fa envi\u00f3 una nota a la parte rusa sobre su deseo de unirse a BRICS, cit\u00f3 la agencia Tass a la embajadora boliviana ante Mosc\u00fa, Mar\u00eda Luisa Ramos Urzagaste. &#8220;Entregamos esta nota sobre nuestro deseo de unirnos a todos los pa\u00edses BRICS. Y luego, por decisi\u00f3n &hellip;<\/p>\n","protected":false},"author":24,"featured_media":305412,"comment_status":"closed","ping_status":"closed","sticky":false,"template":"","format":"standard","meta":{"footnotes":""},"categories":[597,456,16687,20724,7541],"tags":[21796,20732,6695],"class_list":["post-305410","post","type-post","status-publish","format-standard","has-post-thumbnail","","category-cinta-de-noticias","category-arabe-internacional-politica","category-internacionales","category-minuto-a-minuto","category-ultimas-noticias","tag-bolivia","tag-brics","tag-rusia"],"_links":{"self":[{"href":"https:\/\/archive.sana.sy\/es\/index.php?rest_route=\/wp\/v2\/posts\/305410"}],"collection":[{"href":"https:\/\/archive.sana.sy\/es\/index.php?rest_route=\/wp\/v2\/posts"}],"about":[{"href":"https:\/\/archive.sana.sy\/es\/index.php?rest_route=\/wp\/v2\/types\/post"}],"author":[{"embeddable":true,"href":"https:\/\/archive.sana.sy\/es\/index.php?rest_route=\/wp\/v2\/users\/24"}],"replies":[{"embeddable":true,"href":"https:\/\/archive.sana.sy\/es\/index.php?rest_route=%2Fwp%2Fv2%2Fcomments&post=305410"}],"version-history":[{"count":3,"href":"https:\/\/archive.sana.sy\/es\/index.php?rest_route=\/wp\/v2\/posts\/305410\/revisions"}],"predecessor-version":[{"id":305414,"href":"https:\/\/archive.sana.sy\/es\/index.php?rest_route=\/wp\/v2\/posts\/305410\/revisions\/305414"}],"wp:featuredmedia":[{"embeddable":true,"href":"https:\/\/archive.sana.sy\/es\/index.php?rest_route=\/wp\/v2\/media\/305412"}],"wp:attachment":[{"href":"https:\/\/archive.sana.sy\/es\/index.php?rest_route=%2Fwp%2Fv2%2Fmedia&parent=305410"}],"wp:term":[{"taxonomy":"category","embeddable":true,"href":"https:\/\/archive.sana.sy\/es\/index.php?rest_route=%2Fwp%2Fv2%2Fcategories&post=305410"},{"taxonomy":"post_tag","embeddable":true,"href":"https:\/\/archive.sana.sy\/es\/index.php?rest_route=%2Fwp%2Fv2%2Ftags&post=305410"}],"curies":[{"name":"wp","href":"https:\/\/api.w.org\/{rel}","templated":true}]}}